{"id":11537,"date":"2025-05-24T20:06:32","date_gmt":"2025-05-24T20:06:32","guid":{"rendered":"https:\/\/latrespace.com\/dantes-inferno-warum-celestine-v-verdammt-wurde\/"},"modified":"2025-05-24T20:06:32","modified_gmt":"2025-05-24T20:06:32","slug":"dantes-inferno-warum-celestine-v-verdammt-wurde","status":"publish","type":"post","link":"https:\/\/latrespace.com\/de\/dantes-inferno-warum-celestine-v-verdammt-wurde\/","title":{"rendered":"Dantes Inferno: Warum Celestine V. verdammt wurde"},"content":{"rendered":"<p>Dante Alighieri, die \u00fcberragende Figur der italienischen Literatur, ist ber\u00fchmt f\u00fcr sein Epos <em>Die G\u00f6ttliche Kom\u00f6die<\/em>. In ihrem <em>Inferno<\/em> bev\u00f6lkert er die H\u00f6lle mit realen und allegorischen Figuren und richtet \u00fcber ihre irdischen Taten mit poetischer Gerechtigkeit. Eine besonders faszinierende Aufnahme ist die von Papst Celestine V., einer als Heiliger kanonisierten Figur, die dennoch in Dantes verdammender Vision platziert ist. Dieser Artikel untersucht die komplexe Beziehung zwischen Dante und Celestine V. und beleuchtet den historischen und politischen Kontext, der Dantes Verurteilung antrieb.<\/p>\n<p><img decoding=\"async\" src=\"URL\" alt=\"Dante und Vergil in der Vorh\u00f6lle, Illustration von Gustave Dor\u00e9.\" \/><em class=\"cap-ai\">Dante und Vergil in der Vorh\u00f6lle, Illustration von Gustave Dor\u00e9.<\/em><\/p>\n<h2>Die Gro\u00dfe Weigerung und Dantes Verachtung<\/h2>\n<p>Celestine V., geboren als Pietro Angelerio (sp\u00e4ter Pietro del Murrone), wurde 1294 inmitten einer chaotischen Phase der p\u00e4pstlichen Nachfolge Papst. Seine kurze Amtszeit, gepr\u00e4gt von Fr\u00f6mmigkeit und Unerfahrenheit, endete mit seiner beispiellosen Abdankung nach nur f\u00fcnf Monaten. Dieser Akt, bekannt als die &#8222;Gro\u00dfe Weigerung&#8220;, ist der Kern von Dantes Verurteilung. W\u00e4hrend Jacopo Alighieri, Dantes Sohn, Celestine V. im <em>Inferno<\/em> III explizit identifiziert, nennt Dante ihn selbst nicht, sondern bezeichnet ihn als &#8222;den, der die gro\u00dfe Weigerung vollzog&#8220; (III.60). Diese subtile, aber wirkungsvolle Anklage spricht B\u00e4nde \u00fcber Dantes Sicht auf Celestines Entscheidung.<\/p>\n<p>Dante, ein Mann, der tief in die politischen Turbulenzen seiner Zeit verwickelt war, sah Celestines Abdankung als einen Akt der Feigheit, der den Weg f\u00fcr den Aufstieg von Bonifatius VIII. ebnete. Bonifatius, Dantes erbitterter politischer Feind, war ma\u00dfgeblich an Dantes Verbannung aus Florenz beteiligt. Dante glaubte, dass Celestines R\u00fccktritt die Kirche destabilisiert und die Gelegenheit f\u00fcr Bonifatius&#8216; korruptes Pontifikat geschaffen hatte.<\/p>\n<h2>Ein Zusammenprall der Perspektiven: Heiliger oder Feigling?<\/h2>\n<p>W\u00e4hrend Dante Celestine verurteilte, sahen ihn andere Zeitgenossen anders. Petrarca, ein prominenter humanistischer Gelehrter, lobte Celestines Abdankung als eine tugendhafte Umarmung des Einsiedlerlebens. \u00c4hnlich interpretierte Benvenuto da Imola, ein weiterer Kommentator von Dantes Werk, Celestines R\u00fccktritt als einen Akt spiritueller Losl\u00f6sung, eine Ablehnung weltlichen Ehrgeizes. Diese gegens\u00e4tzlichen Perspektiven verdeutlichen die Komplexit\u00e4t rund um Celestines Verm\u00e4chtnis.<\/p>\n<p><img decoding=\"async\" src=\"URL\" alt=\"Portr\u00e4t von Papst Celestine V.\" \/><em class=\"cap-ai\">Portr\u00e4t von Papst Celestine V.<\/em><\/p>\n<h2>Der politische Hintergrund<\/h2>\n<p>Dantes Verurteilung von Celestine V. kann ohne Ber\u00fccksichtigung des politischen Hintergrunds nicht vollst\u00e4ndig verstanden werden. Der Kampf zwischen dem Papsttum und den weltlichen Herrschern, insbesondere den Welfen und Ghibellinen, beeinflusste Dantes Leben zutiefst und pr\u00e4gte seine politischen Ansichten. Er sah Celestines Abdankung als einen entscheidenden Moment, der die bestehenden Spannungen versch\u00e4rfte und letztlich zu seiner eigenen Verbannung beitrug.<\/p>\n<p>Dantes Verachtung f\u00fcr Bonifatius VIII. ist in <em>Die G\u00f6ttliche Kom\u00f6die<\/em> offensichtlich. Er platziert Bonifatius (obwohl dieser zum Zeitpunkt der Niederschrift des Gedichts noch lebte) in der H\u00f6lle und beschuldigt ihn der Simonie und anderer korrupter Praktiken. Diese bissige Darstellung unterstreicht Dantes \u00dcberzeugung, dass Bonifatius&#8216; korrupte Herrschaft eine direkte Folge von Celestines Abdankung war.<\/p>\n<h2>Der Eremitenpapst: Ein Leben der Askese<\/h2>\n<p>Celestine V., geboren als Pietro del Murrone, f\u00fchrte ein Leben extremer Askese, bevor er unerwartet zum Papst erhoben wurde. Er verbrachte Jahre als Eremit und widmete sich dem Gebet und der Bu\u00dfe. Sein einfacher Lebensstil und seine tiefe Fr\u00f6mmigkeit fanden bei vielen Anklang und f\u00fchrten schlie\u00dflich zu seiner Wahl.<\/p>\n<p><img decoding=\"async\" src=\"URL\" alt=\"Monte Morrone, wo Pietro del Morrone als Eremit lebte.\" \/><em class=\"cap-ai\">Monte Morrone, wo Pietro del Morrone als Eremit lebte.<\/em><\/p>\n<p>Sein Mangel an politischem Geschick und sein Unbehagen mit den Komplexit\u00e4ten der p\u00e4pstlichen Autorit\u00e4t erwiesen sich jedoch als verh\u00e4ngnisvoll. Er hatte M\u00fche, sich im politischen Umfeld zurechtzufinden, und traf eine Reihe von Entscheidungen, die weithin kritisiert wurden. Dies f\u00fchrte schlie\u00dflich zu seiner Entscheidung abzudanken, eine Entscheidung, die weiterhin Debatten ausl\u00f6st.<\/p>\n<h2>Ein Erbe der Mehrdeutigkeit<\/h2>\n<p>Die Geschichte von Celestine V. bleibt ein fesselndes Beispiel f\u00fcr das Zusammenspiel von pers\u00f6nlicher Fr\u00f6mmigkeit und politischen Realit\u00e4ten. Obwohl als Heiliger kanonisiert, wurden seine Handlungen sowohl als tugendhaft als auch als feige angesehen, was die subjektive Natur historischer Urteile hervorhebt. Dantes Darstellung von Celestine V. im <em>Inferno<\/em> bietet eine kraftvolle, wenn auch kontroverse, Perspektive auf diese r\u00e4tselhafte Figur. Sie spiegelt die tiefen politischen und pers\u00f6nlichen Wunden wider, die Dantes Weltanschauung pr\u00e4gten und zu seinem zeitlosen Meisterwerk beitrugen.<\/p>\n<p>Die Gegen\u00fcberstellung von Celestines Heiligstatus mit seiner Platzierung in Dantes <em>Inferno<\/em> fasziniert und provoziert weiterhin Diskussionen. Sie erinnert daran, dass Geschichte oft facettenreich ist und selbst scheinbar unkomplizierte Narrative Schichten von Komplexit\u00e4t und Mehrdeutigkeit enthalten k\u00f6nnen.<\/p>\n","protected":false},"excerpt":{"rendered":"<p>Dante Alighieri, die \u00fcberragende Figur der italienischen Literatur, ist ber\u00fchmt f\u00fcr sein Epos Die G\u00f6ttliche Kom\u00f6die. In ihrem Inferno bev\u00f6lkert<\/p>\n","protected":false},"author":1,"featured_media":0,"comment_status":"closed","ping_status":"closed","sticky":false,"template":"","format":"standard","meta":{"footnotes":""},"categories":[27],"tags":[],"class_list":["post-11537","post","type-post","status-publish","format-standard","hentry","category-gedichte","generate-columns","tablet-grid-50","mobile-grid-100","grid-parent","grid-25"],"lang":"de","translations":{"de":11537,"en":2133,"es":10591,"fr":12519},"_links":{"self":[{"href":"https:\/\/latrespace.com\/de\/wp-json\/wp\/v2\/posts\/11537","targetHints":{"allow":["GET"]}}],"collection":[{"href":"https:\/\/latrespace.com\/de\/wp-json\/wp\/v2\/posts"}],"about":[{"href":"https:\/\/latrespace.com\/de\/wp-json\/wp\/v2\/types\/post"}],"author":[{"embeddable":true,"href":"https:\/\/latrespace.com\/de\/wp-json\/wp\/v2\/users\/1"}],"replies":[{"embeddable":true,"href":"https:\/\/latrespace.com\/de\/wp-json\/wp\/v2\/comments?post=11537"}],"version-history":[{"count":0,"href":"https:\/\/latrespace.com\/de\/wp-json\/wp\/v2\/posts\/11537\/revisions"}],"wp:attachment":[{"href":"https:\/\/latrespace.com\/de\/wp-json\/wp\/v2\/media?parent=11537"}],"wp:term":[{"taxonomy":"category","embeddable":true,"href":"https:\/\/latrespace.com\/de\/wp-json\/wp\/v2\/categories?post=11537"},{"taxonomy":"post_tag","embeddable":true,"href":"https:\/\/latrespace.com\/de\/wp-json\/wp\/v2\/tags?post=11537"}],"curies":[{"name":"wp","href":"https:\/\/api.w.org\/{rel}","templated":true}]}}