{"id":14087,"date":"2025-05-25T17:22:37","date_gmt":"2025-05-25T17:22:37","guid":{"rendered":"https:\/\/latrespace.com\/omar-sakrs-in-the-genocide-gedichtanalyse\/"},"modified":"2025-05-25T17:22:37","modified_gmt":"2025-05-25T17:22:37","slug":"omar-sakrs-in-the-genocide-gedichtanalyse","status":"publish","type":"post","link":"https:\/\/latrespace.com\/de\/omar-sakrs-in-the-genocide-gedichtanalyse\/","title":{"rendered":"Omar Sakrs &#8218;In the Genocide&#8216;: Gedichtanalyse"},"content":{"rendered":"<p>Omar Sakrs Serie &#8222;&#8218;in the genocide'&#8220; ist eine zutiefst eindringliche und herzzerrei\u00dfende Erkundung der anhaltenden Gewalt in Pal\u00e4stina. Diese Gedichte gehen \u00fcber das Pers\u00f6nliche hinaus und verwandeln individuellen Kummer in eine kollektive Klage f\u00fcr ein belagertes Volk. Durch schroffe Bilder und rohe Emotionen konfrontiert Sakr die Schrecken des Genozids und zwingt die Leser, sich mit der brutalen Realit\u00e4t der Situation auseinanderzusetzen. Dieser Artikel befasst sich mit mehreren Gedichten aus dieser Serie und untersucht deren Themen, Bildsprache und emotionale Wirkung.<\/p>\n<h2>Die Last des Verlusts in &#8222;&#8218;Sometime in the genocide'&#8220;<\/h2>\n<p>Sakrs &#8222;&#8218;Sometime in the genocide'&#8220; f\u00e4ngt die Taubheit und Verzweiflung ein, die mit Massengewalt einhergehen. Die Eingangszeilen des Gedichts, \u201eIt was a Thursday \/ when thousands of the murdered \/ passed through me\u201c, vermitteln sofort ein Gef\u00fchl des \u00fcberw\u00e4ltigenden Verlusts. Die allt\u00e4gliche Handlung des Sprechers, auf dem Boden zu Abend zu essen, \u201ekalt wie Gott, haarig wie jedes Tier\u201c, unterstreicht die entmenschlichende Wirkung der st\u00e4ndigen Konfrontation mit dem Tod. Der Versuch des Sprechers, sie \u201ezu halten\u201c, sich mit den verstorbenen Seelen zu verbinden, ist vergeblich. Ihr Durchzug l\u00e4sst den Sprecher emotional ausgeh\u00f6hlt und aller Gef\u00fchle beraubt zur\u00fcck.<\/p>\n<p><img decoding=\"async\" src=\"https:\/\/latrespace.com\/wp-content\/uploads\/2025\/05\/omar-sakr-im-6-scaled.webp\" alt=\"Omar Sakr, Autor der Gedichtserie &#039;in the genocide&#039;\" width=\"2560\" height=\"1707\" \/><em class=\"cap-ai\">Omar Sakr, Autor der Gedichtserie &#039;in the genocide&#039;<\/em><\/p>\n<h2>Kampf um Verbindung in &#8222;&#8218;Comprehension in the genocide'&#8220;<\/h2>\n<p>&#8222;&#8218;Comprehension in the genocide'&#8220; verlagert den Fokus auf das Pers\u00f6nliche und erkundet die Herausforderungen, ein Kind inmitten anhaltender Konflikte gro\u00dfzuziehen. Das Gedicht konzentriert sich auf den Sohn des Sprechers, dessen verz\u00f6gerte Sprache zu einer Metapher f\u00fcr den Zusammenbruch von Kommunikation und Verst\u00e4ndnis wird. Die Versuche des Sprechers, sich mit seinem Sohn zu verbinden, sind von Angst gepr\u00e4gt und spiegeln eine tiefere Furcht um die Zukunft seines Kindes in einer von Gewalt gezeichneten Welt wider. Die wiederholte Frage \u201eWhy does this feel so cruel?\u201c (Warum f\u00fchlt sich das so grausam an?) unterstreicht den Kampf des Sprechers, die Liebe zu seinem Kind mit der ihn umgebenden harten Realit\u00e4t in Einklang zu bringen.<\/p>\n<h2>Konfrontation mit dem &#8222;Nicht&#8220; in &#8222;&#8218;Elegy in the genocide'&#8220;<\/h2>\n<p>&#8222;&#8218;Elegy in the genocide'&#8220; ist eine schroffe und unerschrockene Konfrontation mit den Folgen der Gewalt. Der Sprecher ringt mit den Grenzen der Sprache und erkennt die Unf\u00e4higkeit der Poesie an, das Ausma\u00df des Verlusts wirklich zu erfassen. Das zentrale Bild des Gedichts ist das \u201eNicht\u201c \u2013 das \u201eNicht-Ich\u201c, die \u201eNicht-Welt\u201c, das \u201eNicht-Herz\u201c \u2013 das die durch Genozid hinterlassene Leere repr\u00e4sentiert. Der Wunsch des Sprechers, die \u201eroten Teile\u201c der ermordeten Kinder zu sammeln und sie f\u00fcr die Beerdigung vorzubereiten, spricht f\u00fcr ein tiefes Bed\u00fcrfnis nach Ritual und Abschluss angesichts unvorstellbaren Schreckens.<\/p>\n<p><img decoding=\"async\" src=\"https:\/\/latrespace.com\/wp-content\/uploads\/2025\/05\/img6592.webp\" alt=\"Tr\u00fcmmer und Zerst\u00f6rung nach Gewaltkonflikt\" width=\"1280\" height=\"800\" \/><em class=\"cap-ai\">Tr\u00fcmmer und Zerst\u00f6rung nach Gewaltkonflikt<\/em><\/p>\n<h2>Der Kreislauf der Gewalt in &#8222;&#8218;Social cohesion in the genocide'&#8220;<\/h2>\n<p>&#8222;&#8218;Social cohesion in the genocide'&#8220; verwendet Allegorien, um die Systeme zu kritisieren, die Gewalt aufrechterhalten. Das Bild des K\u00f6nigs, der wiederholt das Ei, ein Symbol f\u00fcr zerbrechliches Leben, \u00fcber den Rand schiebt, unterstreicht die gef\u00fchllose Missachtung menschlichen Lebens. Die Untertanen darunter, die sich bem\u00fchen, den \u201eVerlust einzud\u00e4mmen\u201c, repr\u00e4sentieren eine Gesellschaft, die in einem Reaktionskreislauf gefangen ist und die eigentliche Ursache des Leidens nicht angehen kann.<\/p>\n<h2>Ein Schrei nach Freiheit in &#8222;&#8218;Sometime in the genocide (reprise)'&#8220;<\/h2>\n<p>&#8222;&#8218;Sometime in the genocide (reprise)&#8216; kehrt zum Thema des \u00fcberw\u00e4ltigenden Verlusts zur\u00fcck und betont die anhaltende Natur der Gewalt. Die Zeilen \u201eMonday, and thousands more \/ of the murdered pass\u201c unterstreichen den unerbittlichen Kreislauf des Todes. Das Gedicht endet jedoch mit einem Schrei nach Befreiung, einer Sehnsucht nach Freiheit \u201efrom the winter of our end\u201c (aus dem Winter unseres Endes). Dieses letzte Pl\u00e4doyer bietet einen Hoffnungsschimmer, eine Weigerung, trotz der erlebten Schrecken der Verzweiflung zu erliegen.<\/p>\n<h2>Fazit: Die Kraft des Zeugnisses<\/h2>\n<p>Omar Sakrs Serie &#8222;&#8218;in the genocide'&#8220; ist ein kraftvolles Zeugnis der Widerstandsf\u00e4higkeit des menschlichen Geistes angesichts unvorstellbaren Leidens. Diese Genozid-Gedichte sind nicht nur Beobachtungen; sie sind Akte des Zeugnisses, die uns zwingen, uns der brutalen Realit\u00e4t der Situation zu stellen und eine Reaktion zu fordern. Sakrs Poesie dient als eindringliche Mahnung an die Bedeutung von Empathie, Solidarit\u00e4t und dem fortlaufenden Kampf f\u00fcr Gerechtigkeit und Frieden.<\/p>\n","protected":false},"excerpt":{"rendered":"<p>Omar Sakrs Serie &#8222;&#8218;in the genocide&#8217;&#8220; ist eine zutiefst eindringliche und herzzerrei\u00dfende Erkundung der anhaltenden Gewalt in Pal\u00e4stina. Diese Gedichte<\/p>\n","protected":false},"author":1,"featured_media":3397,"comment_status":"closed","ping_status":"closed","sticky":false,"template":"","format":"standard","meta":{"footnotes":""},"categories":[27],"tags":[],"class_list":["post-14087","post","type-post","status-publish","format-standard","has-post-thumbnail","hentry","category-gedichte","generate-columns","tablet-grid-50","mobile-grid-100","grid-parent","grid-25"],"lang":"de","translations":{"de":14087,"en":3396,"fr":3909,"es":5094},"_links":{"self":[{"href":"https:\/\/latrespace.com\/de\/wp-json\/wp\/v2\/posts\/14087","targetHints":{"allow":["GET"]}}],"collection":[{"href":"https:\/\/latrespace.com\/de\/wp-json\/wp\/v2\/posts"}],"about":[{"href":"https:\/\/latrespace.com\/de\/wp-json\/wp\/v2\/types\/post"}],"author":[{"embeddable":true,"href":"https:\/\/latrespace.com\/de\/wp-json\/wp\/v2\/users\/1"}],"replies":[{"embeddable":true,"href":"https:\/\/latrespace.com\/de\/wp-json\/wp\/v2\/comments?post=14087"}],"version-history":[{"count":0,"href":"https:\/\/latrespace.com\/de\/wp-json\/wp\/v2\/posts\/14087\/revisions"}],"wp:featuredmedia":[{"embeddable":true,"href":"https:\/\/latrespace.com\/de\/wp-json\/wp\/v2\/media\/3397"}],"wp:attachment":[{"href":"https:\/\/latrespace.com\/de\/wp-json\/wp\/v2\/media?parent=14087"}],"wp:term":[{"taxonomy":"category","embeddable":true,"href":"https:\/\/latrespace.com\/de\/wp-json\/wp\/v2\/categories?post=14087"},{"taxonomy":"post_tag","embeddable":true,"href":"https:\/\/latrespace.com\/de\/wp-json\/wp\/v2\/tags?post=14087"}],"curies":[{"name":"wp","href":"https:\/\/api.w.org\/{rel}","templated":true}]}}