{"id":14440,"date":"2025-05-25T20:32:09","date_gmt":"2025-05-25T20:32:09","guid":{"rendered":"https:\/\/latrespace.com\/aschermittwoch-sinn-symbolik-traditionen\/"},"modified":"2025-05-25T20:32:09","modified_gmt":"2025-05-25T20:32:09","slug":"aschermittwoch-sinn-symbolik-traditionen","status":"publish","type":"post","link":"https:\/\/latrespace.com\/de\/aschermittwoch-sinn-symbolik-traditionen\/","title":{"rendered":"Aschermittwoch: Sinn, Symbolik &amp; Traditionen"},"content":{"rendered":"<p>Aschermittwoch, ein bedeutender Tag im christlichen liturgischen Kalender, ist weithin bekannt, selbst bei Menschen au\u00dferhalb des Glaubens. Die sichtbare Asche, die auf den Stirnen der Gl\u00e4ubigen getragen wird, kennzeichnet eine klare religi\u00f6se Beobachtung, \u00e4hnlich wie Weihnachtsdekorationen oder Ostereier. Aber was bedeutet diese Praxis? Dieser Artikel untersucht die Bedeutung des Aschermittwochs und beleuchtet dessen Symbolik, historischen Kontext sowie die pers\u00f6nliche Auswirkung f\u00fcr Gl\u00e4ubige.<\/p>\n<p><img decoding=\"async\" src=\"https:\/\/latrespace.com\/wp-content\/uploads\/2025\/05\/ashes-on-a-forehead-in-the-shape-of-a-cross-on-ash-wednesday.webp\" alt=\"Asche auf einer Stirn in Form eines Kreuzes am Aschermittwoch.\" width=\"640\" height=\"1082\" \/><em class=\"cap-ai\">Asche auf einer Stirn in Form eines Kreuzes am Aschermittwoch.<\/em><\/p>\n<p>Das Tragen von Asche ist nicht als Zurschaustellung von Fr\u00f6mmigkeit gedacht, sondern vielmehr als symbolische Geste, die in der j\u00fcdischen Tradition verwurzelt ist. Im Alten Testament symbolisierten das Tragen von Sacktuch und Asche Trauer und Reue. \u00c4hnlich symbolisiert die Asche am Aschermittwoch Verg\u00e4nglichkeit und die Abh\u00e4ngigkeit von Gott. Dieses \u00f6ffentliche Bekenntnis zur eigenen S\u00fcndhaftigkeit ist ein Schl\u00fcsselelement der Reue und spirituellen Transformation.<\/p>\n<p>W\u00e4hrend die \u00e4u\u00dfere Handlung wichtig ist, ist die innere Einstellung entscheidend. Das Empfangen der Asche ist eine bewusste Entscheidung, die zur Selbstreflexion und Gewissenserforschung anregt. Diese Handlung sollte mit Aufrichtigkeit und einem echten Wunsch nach spiritueller Erneuerung angegangen werden.<\/p>\n<h2>Ein pers\u00f6nlicher Weg am Aschermittwoch<\/h2>\n<p>F\u00fcr diejenigen, die Bedenken wegen Missverst\u00e4ndnissen oder Reaktionen anderer haben, ist die Entscheidung, die Asche den ganzen Tag zu tragen oder sie nach Verlassen der Kirche zu entfernen, eine pers\u00f6nliche. Einige sehen die Asche als ein starkes Zeugnis und eine Gelegenheit zum Dialog \u00fcber den Glauben, w\u00e4hrend andere es vorziehen, potenziellen Stolz oder Unbehagen zu vermeiden. Letztendlich muss der Einzelne seine eigenen Beweggr\u00fcnde und Absichten erkennen.<\/p>\n<p>Die Kirche ermutigt zur Teilnahme an der Messe am Aschermittwoch, schreibt sie aber nicht vor. Allerdings wird auch der Empfang des Sakraments der Bu\u00dfe und Vers\u00f6hnung (Beichte) dringend empfohlen, was eine spirituelle Reinigung und Vorbereitung auf die Fastenzeit bedeutet.<\/p>\n<p><img decoding=\"async\" src=\"https:\/\/latrespace.com\/wp-content\/uploads\/2025\/05\/woman-receiving-ashes-on-ash-wednesday.webp\" alt=\"Frau empf\u00e4ngt Asche am Aschermittwoch.\" width=\"640\" height=\"1160\" \/><em class=\"cap-ai\">Frau empf\u00e4ngt Asche am Aschermittwoch.<\/em><\/p>\n<h2>Fastenpraktiken und der Aschermittwoch<\/h2>\n<p>Die Fastenzeit, die 40-t\u00e4gige Periode nach dem Aschermittwoch, ist traditionell eine Zeit der Enthaltsamkeit und des Fastens. Historisch ging der Fastenzeit eine Zeit des Feierns (Karneval oder Mardi Gras) voraus, was den Kontrast zwischen Genuss und Selbstdisziplin betonte. W\u00e4hrend die strenge Befolgung des Fastens sich in modernen Zeiten m\u00f6glicherweise weiterentwickelt hat, bleibt der Geist der Fastenzeit relevant.<\/p>\n<p>Heute f\u00fchren viele Menschen das ganze Jahr \u00fcber einen gesunden Lebensstil, was das traditionelle Fasten weniger wirkungsvoll macht. Der Aschermittwoch bietet jedoch eine klare Abgrenzung f\u00fcr den Beginn der Fastenzeit und ermutigt zu einer erneuten Konzentration auf spirituelle Praktiken und einer Neuausrichtung auf Gott. Dies kann den Verzicht auf bestimmte Speisen oder Aktivit\u00e4ten, eine Steigerung des Gebets oder das Engagement in Akten der N\u00e4chstenliebe umfassen.<\/p>\n<h2>Die moderne Relevanz des Aschermittwochs<\/h2>\n<p>Selbst f\u00fcr diejenigen, die den Aschermittwoch seit vielen Jahren begehen, kann die Wirkung dieser Tradition jedes Mal neu und bedeutsam sein. Er dient als Erinnerung an unsere Verg\u00e4nglichkeit, unsere Abh\u00e4ngigkeit von Gott und den fortlaufenden Weg des Glaubens. Es ist eine Zeit f\u00fcr Reflexion, Reue und Erneuerung, die eine Gelegenheit bietet, unsere Beziehung zum G\u00f6ttlichen zu vertiefen und die transformative Kraft spiritueller Praktiken anzunehmen.<\/p>\n<p>F\u00fcr alle, die mehr \u00fcber die Bedeutung und Interpretation des Aschermittwochs erfahren m\u00f6chten, stehen Ressourcen online und in verschiedenen Glaubensgemeinschaften zur Verf\u00fcgung. Diese Vertiefung kann das Verst\u00e4ndnis bereichern und die pers\u00f6nliche Bedeutung dieser wichtigen religi\u00f6sen Begehung erh\u00f6hen.<\/p>\n","protected":false},"excerpt":{"rendered":"<p>Aschermittwoch, ein bedeutender Tag im christlichen liturgischen Kalender, ist weithin bekannt, selbst bei Menschen au\u00dferhalb des Glaubens. Die sichtbare Asche,<\/p>\n","protected":false},"author":1,"featured_media":3244,"comment_status":"closed","ping_status":"closed","sticky":false,"template":"","format":"standard","meta":{"footnotes":""},"categories":[27],"tags":[],"class_list":["post-14440","post","type-post","status-publish","format-standard","has-post-thumbnail","hentry","category-gedichte","generate-columns","tablet-grid-50","mobile-grid-100","grid-parent","grid-25"],"lang":"de","translations":{"de":14440,"en":3243,"es":5135,"fr":10508},"_links":{"self":[{"href":"https:\/\/latrespace.com\/de\/wp-json\/wp\/v2\/posts\/14440","targetHints":{"allow":["GET"]}}],"collection":[{"href":"https:\/\/latrespace.com\/de\/wp-json\/wp\/v2\/posts"}],"about":[{"href":"https:\/\/latrespace.com\/de\/wp-json\/wp\/v2\/types\/post"}],"author":[{"embeddable":true,"href":"https:\/\/latrespace.com\/de\/wp-json\/wp\/v2\/users\/1"}],"replies":[{"embeddable":true,"href":"https:\/\/latrespace.com\/de\/wp-json\/wp\/v2\/comments?post=14440"}],"version-history":[{"count":0,"href":"https:\/\/latrespace.com\/de\/wp-json\/wp\/v2\/posts\/14440\/revisions"}],"wp:featuredmedia":[{"embeddable":true,"href":"https:\/\/latrespace.com\/de\/wp-json\/wp\/v2\/media\/3244"}],"wp:attachment":[{"href":"https:\/\/latrespace.com\/de\/wp-json\/wp\/v2\/media?parent=14440"}],"wp:term":[{"taxonomy":"category","embeddable":true,"href":"https:\/\/latrespace.com\/de\/wp-json\/wp\/v2\/categories?post=14440"},{"taxonomy":"post_tag","embeddable":true,"href":"https:\/\/latrespace.com\/de\/wp-json\/wp\/v2\/tags?post=14440"}],"curies":[{"name":"wp","href":"https:\/\/api.w.org\/{rel}","templated":true}]}}