{"id":4508,"date":"2025-05-04T07:15:36","date_gmt":"2025-05-04T07:15:36","guid":{"rendered":"https:\/\/latrespace.com\/calderons-meisterwerk-la-vida-es-sueno\/"},"modified":"2025-05-04T07:15:36","modified_gmt":"2025-05-04T07:15:36","slug":"calderons-meisterwerk-la-vida-es-sueno","status":"publish","type":"post","link":"https:\/\/latrespace.com\/de\/calderons-meisterwerk-la-vida-es-sueno\/","title":{"rendered":"Cald\u00e9ron&#8217;s Meisterwerk: La Vida Es Sue\u00f1o"},"content":{"rendered":"<p>Das Leben, ein Traum. Dieses kraftvolle Konzept, eingefangen im spanischen Ausdruck &#8222;la vida en sue\u00f1os&#8220;, bildet den Kern von Pedro Calder\u00f3n de la Barcas barockem Meisterwerk <em>La Vida Es Sue\u00f1o<\/em> (Das Leben ein Traum). Das St\u00fcck taucht ein in tiefgr\u00fcndige Fragen nach freiem Willen, Schicksal und der Natur der Realit\u00e4t und verwebt ein komplexes Geflecht philosophischer und emotionaler F\u00e4den.<\/p>\n<p><img decoding=\"async\" src=\"https:\/\/latrespace.com\/wp-content\/uploads\/2025\/05\/cover-of-la-vida-es-sueno.webp\" alt=\"Cover von La Vida Es Sue\u00f1o\" width=\"337\" height=\"550\" \/><em class=\"cap-ai\">Cover von La Vida Es Sue\u00f1o<\/em><\/p>\n<h2>Im Labyrinth von Schicksal und freiem Willen<\/h2>\n<p>Calder\u00f3ns St\u00fcck stellt uns Sigismund vor, einen Prinzen, der von Geburt an aufgrund einer Prophezeiung, die seine tyrannische Herrschaft voraussagt, gefangen gehalten wird. Sein Leben, eingeschlossen in einem Turm, wird zur Metapher f\u00fcr die menschliche Existenz, gefangen zwischen Schicksal und der Illusion der Wahl. Der zentrale Konflikt des St\u00fccks entsteht, als K\u00f6nig Basilio, Sigismunds Vater, beschlie\u00dft, die Prophezeiung zu pr\u00fcfen, indem er seinem Sohn vor\u00fcbergehend die Erfahrung des K\u00f6nigtums gew\u00e4hrt.<\/p>\n<h2>Sigismunds Erwachen: Ein Traum von Macht<\/h2>\n<p>Dieses Experiment st\u00fcrzt Sigismund in einen Strudel der Verwirrung. Er ringt mit dem pl\u00f6tzlichen Wechsel von einem Leben der Entbehrung zu einem der absoluten Macht und hinterfragt die Grenzen von Traum und Realit\u00e4t. Seine Handlungen, getrieben von einer urspr\u00fcnglichen Wut, die durch jahrelange Isolation gen\u00e4hrt wird, scheinen die Prophezeiung zu best\u00e4tigen und f\u00fchren zu seiner schnellen R\u00fcckkehr in den Turm.<\/p>\n<h2>Die Echos von &#8222;La Vida en Sue\u00f1os&#8220;<\/h2>\n<p>Das wiederkehrende Motiv von &#8222;la vida en sue\u00f1os&#8220; hallt durch Sigismunds Monologe wider. Seine ber\u00fchmten Zeilen, &#8222;\u00a1Ay m\u00edsero de m\u00ed! \u00a1Y ay infelice!&#8220; (Oh, ich Ungl\u00fccklicher! Und oh, ich Elender!), dr\u00fccken die Qual eines Mannes aus, der in einem existenziellen Labyrinth gefangen ist und sich nicht sicher ist, ob seine Erfahrungen real oder nur fl\u00fcchtige Illusionen sind.<\/p>\n<p><em>Rosauras unerwartete Ankunft f\u00fcgt dem sich entfaltenden Drama eine weitere Ebene hinzu.<\/em><\/p>\n<h2>Rosauras Suche und Clotados Dilemma<\/h2>\n<p>Verflochten mit Sigismunds Notlage ist Rosauras Suche nach Gerechtigkeit und Clotados qu\u00e4lendes moralisches Dilemma. Rosaura, als Mann verkleidet, versucht, ihre Ehre zur\u00fcckzugewinnen, w\u00e4hrend Clotaldo, Sigismunds Kerkermeister und Rosauras unbekannter Vater, zwischen Loyalit\u00e4t zum K\u00f6nig und seinen v\u00e4terlichen Instinkten hin- und hergerissen ist. Diese miteinander verflochtenen Erz\u00e4hlungen verst\u00e4rken die Auseinandersetzung des St\u00fccks mit Ehre, Pflicht und der Komplexit\u00e4t menschlicher Beziehungen.<\/p>\n<h2>Der Triumph der Vernunft und des freien Willens<\/h2>\n<p>Letztendlich entscheidet sich Sigismund, dem eine zweite Chance auf das K\u00f6nigtum gegeben wird, die Prophezeiung zu \u00fcberwinden. Er entscheidet sich f\u00fcr Vernunft und Mitgef\u00fchl und zeigt damit, dass der freie Wille das eigene Schicksal gestalten kann, selbst angesichts scheinbar vorherbestimmter Umst\u00e4nde. Dieser Akt der Selbstbeherrschung festigt die bleibende Botschaft des St\u00fccks: Auch wenn das Leben einem Traum \u00e4hneln mag, besitzen wir die Macht, unser wahres Potenzial zu erwecken.<\/p>\n<h2>Das bleibende Erbe von <em>La Vida Es Sue\u00f1o<\/em><\/h2>\n<p>Calder\u00f3ns <em>La Vida Es Sue\u00f1o<\/em> fasziniert weiterhin Publikum und Wissenschaftler gleicherma\u00dfen. Seine Auseinandersetzung mit &#8222;la vida en sue\u00f1os&#8220; trifft zeitlose menschliche \u00c4ngste vor der Existenz und bietet eine kraftvolle Reflexion \u00fcber das Zusammenspiel von Schicksal, freiem Willen und der schwer fassbaren Natur der Realit\u00e4t selbst. Die tiefgr\u00fcndigen Einblicke des St\u00fccks in die menschliche Existenz sichern ihm seinen Platz als Eckpfeiler der spanischen Literatur des Goldenen Zeitalters und als bleibenden Beitrag zum dramatischen Erbe der Welt.<\/p>\n<p><em>Tauchen Sie weiter ein in die Tiefen von Calder\u00f3ns Werk.<\/em><\/p>\n","protected":false},"excerpt":{"rendered":"<p>Das Leben, ein Traum. Dieses kraftvolle Konzept, eingefangen im spanischen Ausdruck &#8222;la vida en sue\u00f1os&#8220;, bildet den Kern von Pedro<\/p>\n","protected":false},"author":1,"featured_media":3541,"comment_status":"closed","ping_status":"closed","sticky":false,"template":"","format":"standard","meta":{"footnotes":""},"categories":[27],"tags":[],"class_list":["post-4508","post","type-post","status-publish","format-standard","has-post-thumbnail","hentry","category-gedichte","generate-columns","tablet-grid-50","mobile-grid-100","grid-parent","grid-25"],"lang":"de","translations":{"de":4508,"en":3540,"fr":5880,"es":6035},"_links":{"self":[{"href":"https:\/\/latrespace.com\/de\/wp-json\/wp\/v2\/posts\/4508","targetHints":{"allow":["GET"]}}],"collection":[{"href":"https:\/\/latrespace.com\/de\/wp-json\/wp\/v2\/posts"}],"about":[{"href":"https:\/\/latrespace.com\/de\/wp-json\/wp\/v2\/types\/post"}],"author":[{"embeddable":true,"href":"https:\/\/latrespace.com\/de\/wp-json\/wp\/v2\/users\/1"}],"replies":[{"embeddable":true,"href":"https:\/\/latrespace.com\/de\/wp-json\/wp\/v2\/comments?post=4508"}],"version-history":[{"count":0,"href":"https:\/\/latrespace.com\/de\/wp-json\/wp\/v2\/posts\/4508\/revisions"}],"wp:featuredmedia":[{"embeddable":true,"href":"https:\/\/latrespace.com\/de\/wp-json\/wp\/v2\/media\/3541"}],"wp:attachment":[{"href":"https:\/\/latrespace.com\/de\/wp-json\/wp\/v2\/media?parent=4508"}],"wp:term":[{"taxonomy":"category","embeddable":true,"href":"https:\/\/latrespace.com\/de\/wp-json\/wp\/v2\/categories?post=4508"},{"taxonomy":"post_tag","embeddable":true,"href":"https:\/\/latrespace.com\/de\/wp-json\/wp\/v2\/tags?post=4508"}],"curies":[{"name":"wp","href":"https:\/\/api.w.org\/{rel}","templated":true}]}}