{"id":6045,"date":"2025-05-06T13:15:59","date_gmt":"2025-05-06T13:15:59","guid":{"rendered":"https:\/\/latrespace.com\/anne-boleyns-grab-geschichte-exhumierung\/"},"modified":"2025-05-06T13:15:59","modified_gmt":"2025-05-06T13:15:59","slug":"anne-boleyns-grab-geschichte-exhumierung","status":"publish","type":"post","link":"https:\/\/latrespace.com\/de\/anne-boleyns-grab-geschichte-exhumierung\/","title":{"rendered":"Anne Boleyns Grab: Geschichte &amp; Exhumierung"},"content":{"rendered":"<p>Die imposanten Mauern des Tower of London bergen Jahrhunderte voller Geheimnisse, und vielleicht keines ist so ergreifend wie die Geschichte von Anne Boleyns Grab. Hingerichtet 1536 auf dem Tower Green, wurde ihre letzte Ruhest\u00e4tte in der Kapelle St. Peter ad Vincula zu einem zentralen Punkt f\u00fcr Tudor-Geschichtsinteressierte. Dieser Artikel untersucht die d\u00fcsteren Umst\u00e4nde von Annes Beerdigung, die reiche Geschichte der Kapelle und den faszinierenden Bericht \u00fcber ihre Exhumierung Jahrhunderte sp\u00e4ter.<\/p>\n<p><img decoding=\"async\" src=\"https:\/\/latrespace.com\/wp-content\/uploads\/2025\/04\/alt-text-the-white-tower-at-the-tower-of-london-where-anne-boleyn-was-imprisoned.webp\" alt=\"Der Wei\u00dfe Turm im Tower of London, wo Anne Boleyn gefangen gehalten wurde.\" width=\"768\" height=\"1024\" \/><em class=\"cap-ai\">Der Wei\u00dfe Turm im Tower of London, wo Anne Boleyn gefangen gehalten wurde.<\/em><\/p>\n<h2>Eine hastige Beerdigung f\u00fcr eine gefallene K\u00f6nigin<\/h2>\n<p>Anne Boleyn, wegen Hochverrats verurteilt, fand am 19. Mai 1536 ihr Ende. Ohne gro\u00dfe Zeremonie wurden ihre sterblichen \u00dcberreste in eine Pfeiltruhe, einen provisorischen Sarg, gelegt und zur nahegelegenen Kapelle St. Peter ad Vincula getragen. Ihre Hofdamen, selbst von Trauer gezeichnet, h\u00fcllten ihren K\u00f6rper in T\u00fccher, bevor sie sie in einem unmarkierten Grab in der N\u00e4he des Hochaltars beisetzten. Nur zwei Tage zuvor war ihr Bruder, George Boleyn, an derselben Stelle begraben worden. Sie waren die ersten von vielen bedeutenden Pers\u00f6nlichkeiten, die dort w\u00e4hrend der turbulenten Tudor-\u00c4ra beigesetzt wurden.<\/p>\n<h2>Die Kapelle St. Peter ad Vincula: Ein Heiligtum der Geschichte<\/h2>\n<p>St. Peter ad Vincula, eine von zwei Kapellen im Tower of London, befindet sich im \u00e4u\u00dferen Burghof mit Blick auf den Tower Green. Obwohl ihr heutiges Geb\u00e4ude aus dem fr\u00fchen 16. Jahrhundert stammt, reicht die Geschichte der Kapelle weiter zur\u00fcck. Eine fr\u00fchere mittelalterliche Kapelle, m\u00f6glicherweise \u00e4lter als der Tower selbst, stand au\u00dferhalb der Befestigungsanlagen und diente als Pfarrkirche. Erst im 13. Jahrhundert, unter Heinrich III., wurde sie in die Mauern des Towers integriert. Ein Brand im Jahr 1512 machte den Wiederaufbau erforderlich, der zu der heute sichtbaren Kapelle aus der Tudor-Zeit f\u00fchrte. Unscheinbar in ihrer Architektur, liegt die Bedeutung der Kapelle in ihrer Verbindung zu den tragischen Figuren, die in ihren Mauern ihre letzte Ruhe fanden.<\/p>\n<p><img decoding=\"async\" src=\"https:\/\/latrespace.com\/wp-content\/uploads\/2025\/04\/alt-text-the-chapel-of-st-peter-ad-vincula-at-the-tower-of-london-viewed-from-the-grounds.webp\" alt=\"Die Kapelle St. Peter ad Vincula im Tower of London, vom Gel\u00e4nde aus gesehen.\" width=\"1024\" height=\"768\" \/><em class=\"cap-ai\">Die Kapelle St. Peter ad Vincula im Tower of London, vom Gel\u00e4nde aus gesehen.<\/em><\/p>\n<h2>Unmarkierte Gr\u00e4ber und sich verschiebender Boden<\/h2>\n<p>Anne Boleyns Grab blieb, wie die anderer Hingerichteter, unmarkiert. \u00dcber die Jahrhunderte diente St. Peter ad Vincula als Begr\u00e4bnisst\u00e4tte f\u00fcr die Bewohner des Towers und sogar f\u00fcr die der umliegenden Nachbarschaft. Dies f\u00fchrte zu \u00dcberf\u00fcllung und Mitte des 19. Jahrhunderts zur Notwendigkeit umfassender Renovierungsarbeiten. Im Jahr 1876 zielte ein Restaurierungsprojekt darauf ab, strukturelle und hygienische Probleme zu beheben. Beim Anheben des unebenen Pflasters wurde deutlich, dass fr\u00fchere Gr\u00e4ber durch sp\u00e4tere Bestattungen gest\u00f6rt worden waren.<\/p>\n<h2>Die Exhumierung: Eine K\u00f6nigin wird ausgegraben<\/h2>\n<p>Am 9. November 1876 begann ein Team mit der Ausgrabung des Bereichs, von dem angenommen wurde, dass es sich um Anne Boleyns Grab handelte. In einer Tiefe von zwei Fu\u00df entdeckten sie eine Sammlung von Knochen, die sp\u00e4ter als die einer Frau im Alter zwischen 25 und 30 Jahren identifiziert wurden. Weitere Ausgrabungen enth\u00fcllten den eingest\u00fcrzten Sarg einer sp\u00e4teren Bestattung, was die St\u00f6rung erkl\u00e4rte. Dr. Frederic J. Mouat, ein Chirurg, untersuchte die Knochen und stellte die geringe Statur, die schlanken Proportionen und insbesondere die kleinen Halswirbel fest, die mit zeitgen\u00f6ssischen Beschreibungen von Annes &#8222;kleinem Hals&#8220; \u00fcbereinstimmten.<\/p>\n<p><img decoding=\"async\" src=\"https:\/\/latrespace.com\/wp-content\/uploads\/2025\/04\/alt-text-a-diagram-illustrating-the-layout-of-internments-within-the-chancel-of-st-peter-ad-vincula.webp\" alt=\"Ein Diagramm, das die Anordnung der Bestattungen im Chor von St. Peter ad Vincula zeigt.\" width=\"1024\" height=\"986\" \/><em class=\"cap-ai\">Ein Diagramm, das die Anordnung der Bestattungen im Chor von St. Peter ad Vincula zeigt.<\/em><\/p>\n<h2>Die Wiederbestattung einer K\u00f6nigin<\/h2>\n<p>Die exhumierten \u00dcberreste wurden sorgf\u00e4ltig gesammelt und f\u00fcnf Monate lang aufbewahrt. Am 13. April 1877 wurden sie in Bleis\u00e4rge gelegt und in neue Eichenschreine umgebettet, die jeweils eine Plakette mit der Identifizierung des Verstorbenen trugen. Ein neuer Fliesenboden wurde verlegt, der die Grabst\u00e4tte jedes Einzelnen markierte, und eine Aufzeichnung der Umbettungen wurde aufbewahrt.<\/p>\n<h2>Anne Boleyns Verm\u00e4chtnis im Tower<\/h2>\n<p>Anne Boleyns Geschichte, von ihrer kurzen Herrschaft als K\u00f6nigin bis zu ihrer tragischen Hinrichtung und hastigen Beerdigung, hallt weiterhin in den Mauern des Tower of London wider. Obwohl w\u00e4hrend der Renovierung der Kapelle gest\u00f6rt, ist ihre letzte Ruhest\u00e4tte nun markiert und bietet einen Ort der Besinnung und Erinnerung. Die Kapelle St. Peter ad Vincula, ein stiller Zeuge jahrhundertelanger Geschichte, bleibt eine ergreifende Erinnerung an das Leben und den Tod, die mit dem bleibenden Verm\u00e4chtnis des Towers verbunden sind.<\/p>\n","protected":false},"excerpt":{"rendered":"<p>Die imposanten Mauern des Tower of London bergen Jahrhunderte voller Geheimnisse, und vielleicht keines ist so ergreifend wie die Geschichte<\/p>\n","protected":false},"author":1,"featured_media":2375,"comment_status":"closed","ping_status":"closed","sticky":false,"template":"","format":"standard","meta":{"footnotes":""},"categories":[27],"tags":[],"class_list":["post-6045","post","type-post","status-publish","format-standard","has-post-thumbnail","hentry","category-gedichte","generate-columns","tablet-grid-50","mobile-grid-100","grid-parent","grid-25"],"lang":"de","translations":{"de":6045,"en":2374,"fr":6147,"es":10713},"_links":{"self":[{"href":"https:\/\/latrespace.com\/de\/wp-json\/wp\/v2\/posts\/6045","targetHints":{"allow":["GET"]}}],"collection":[{"href":"https:\/\/latrespace.com\/de\/wp-json\/wp\/v2\/posts"}],"about":[{"href":"https:\/\/latrespace.com\/de\/wp-json\/wp\/v2\/types\/post"}],"author":[{"embeddable":true,"href":"https:\/\/latrespace.com\/de\/wp-json\/wp\/v2\/users\/1"}],"replies":[{"embeddable":true,"href":"https:\/\/latrespace.com\/de\/wp-json\/wp\/v2\/comments?post=6045"}],"version-history":[{"count":0,"href":"https:\/\/latrespace.com\/de\/wp-json\/wp\/v2\/posts\/6045\/revisions"}],"wp:featuredmedia":[{"embeddable":true,"href":"https:\/\/latrespace.com\/de\/wp-json\/wp\/v2\/media\/2375"}],"wp:attachment":[{"href":"https:\/\/latrespace.com\/de\/wp-json\/wp\/v2\/media?parent=6045"}],"wp:term":[{"taxonomy":"category","embeddable":true,"href":"https:\/\/latrespace.com\/de\/wp-json\/wp\/v2\/categories?post=6045"},{"taxonomy":"post_tag","embeddable":true,"href":"https:\/\/latrespace.com\/de\/wp-json\/wp\/v2\/tags?post=6045"}],"curies":[{"name":"wp","href":"https:\/\/api.w.org\/{rel}","templated":true}]}}