{"id":10311,"date":"2025-05-24T10:08:08","date_gmt":"2025-05-24T10:08:08","guid":{"rendered":"https:\/\/latrespace.com\/la-paz-en-nuestros-tiempos-una-promesa-vacia\/"},"modified":"2025-05-24T10:08:08","modified_gmt":"2025-05-24T10:08:08","slug":"la-paz-en-nuestros-tiempos-una-promesa-vacia","status":"publish","type":"post","link":"https:\/\/latrespace.com\/es\/la-paz-en-nuestros-tiempos-una-promesa-vacia\/","title":{"rendered":"La paz en nuestros tiempos: Una promesa vac\u00eda"},"content":{"rendered":"<p>La frase &#8220;la paz en nuestros tiempos&#8221; resuena con una iron\u00eda escalofriante, ligada para siempre al desafortunado aplacamiento de Adolf Hitler por parte de Neville Chamberlain en 1938. El Acuerdo de M\u00fanich, firmado el 30 de septiembre, cedi\u00f3 la regi\u00f3n de los Sudetes de Checoslovaquia a Alemania en un intento desesperado por evitar otra guerra devastadora. Mientras Londres estallaba en una celebraci\u00f3n jubilosa, el acuerdo result\u00f3 ser una promesa vac\u00eda, un mero preludio del conflicto global que envolver\u00eda al mundo apenas un a\u00f1o despu\u00e9s.<\/p>\n<p>Londres en el oto\u00f1o de 1938 era una ciudad atenazada por el miedo. Los recuerdos de la Gran Guerra a\u00fan estaban frescos, las p\u00e9rdidas todav\u00eda lloradas. La inminente amenaza de otro conflicto con Alemania se cern\u00eda pesadamente en el aire, tan densa como la niebla que a menudo cubr\u00eda la ciudad. A medida que se acercaba el plazo de Hitler para la invasi\u00f3n, los londinenses se preparaban para lo peor. Sacos de arena proteg\u00edan los edificios gubernamentales, las sirenas ululaban en simulacros, y las trincheras marcaban los parques de la ciudad, transformados en refugios antia\u00e9reos improvisados. La atm\u00f3sfera era de sombr\u00eda anticipaci\u00f3n, un contenci\u00f3n colectiva del aliento.<\/p>\n<p><img decoding=\"async\" src=\"URL\" alt=\"Neville Chamberlain regresa de M\u00fanich mostrando el acuerdo.\" \/><em class=\"cap-ai\">Neville Chamberlain regresa de M\u00fanich mostrando el acuerdo.<\/em><\/p>\n<p>Entonces lleg\u00f3 la noticia del Acuerdo de M\u00fanich. El alivio inund\u00f3 la ciudad, transformando el miedo en j\u00fabilo. Multitudes se congregaron en el aer\u00f3dromo de Heston, ansiosas por dar la bienvenida a Chamberlain a casa. Sali\u00f3 de su avi\u00f3n, sosteniendo en alto el pacto firmado, un fr\u00e1gil trozo de papel que simbolizaba la esperanza de paz. Sus palabras, haciendo eco de la declaraci\u00f3n de Disraeli despu\u00e9s del Congreso de Berl\u00edn, prometieron &#8220;paz para nuestro tiempo&#8221;.<\/p>\n<p>Las escenas de celebraci\u00f3n no ten\u00edan precedentes. Miles de personas bordearon las calles mientras Chamberlain se dirig\u00eda al Palacio de Buckingham, sus v\u00edtores resonando por la ciudad empapada por la lluvia. En una notable ruptura con la tradici\u00f3n, el rey Jorge VI invit\u00f3 a Chamberlain a compartir el balc\u00f3n del palacio, reconociendo el papel del primer ministro en la evitaci\u00f3n de la guerra. Las multitudes rugieron su aprobaci\u00f3n, sus esperanzas puestas en la fr\u00e1gil paz asegurada en M\u00fanich.<\/p>\n<p><img decoding=\"async\" src=\"URL\" alt=\"Multitudes celebrando el Acuerdo de M\u00fanich en Londres.\" \/><em class=\"cap-ai\">Multitudes celebrando el Acuerdo de M\u00fanich en Londres.<\/em><\/p>\n<p>De regreso en el n\u00famero 10 de Downing Street, Chamberlain se dirigi\u00f3 a la multitud jubilosa, reiterando su creencia en &#8220;la paz para nuestro tiempo&#8221; y urgi\u00e9ndolos a &#8220;dormir tranquilos en sus camas&#8221;. La imagen de una naci\u00f3n arrullada por una falsa sensaci\u00f3n de seguridad es conmovedora en retrospectiva. Mientras Gran Breta\u00f1a dorm\u00eda, las tropas alemanas marchaban hacia Checoslovaquia, comenzando su &#8220;conquista pac\u00edfica&#8221; de los Sudetes.<\/p>\n<p><img decoding=\"async\" src=\"URL\" alt=\"Tropas alemanas entrando en la regi\u00f3n de los Sudetes.\" \/><em class=\"cap-ai\">Tropas alemanas entrando en la regi\u00f3n de los Sudetes.<\/em><\/p>\n<p>La paz que Chamberlain busc\u00f3 tan desesperadamente result\u00f3 ser una ilusi\u00f3n. Las ambiciones de Hitler eran mucho mayores que los Sudetes, y el Acuerdo de M\u00fanich simplemente lo envalenton\u00f3. En cuesti\u00f3n de meses, anex\u00f3 el resto de Checoslovaquia, destrozando la ilusi\u00f3n de paz. El mundo observaba, la promesa de &#8220;paz en nuestros tiempos&#8221; sonando vac\u00eda mientras los tambores de guerra sonaban cada vez m\u00e1s fuerte.<\/p>\n<p>La invasi\u00f3n de Polonia en septiembre de 1939 marc\u00f3 el comienzo de la Segunda Guerra Mundial, el mismo conflicto que Chamberlain hab\u00eda intentado evitar. La frase &#8220;la paz en nuestros tiempos&#8221; se convirti\u00f3 en un s\u00edmbolo de los peligros del aplacamiento, un recordatorio de la fragilidad de la paz frente a una agresi\u00f3n desenfrenada. Si bien algunos argumentan que el Acuerdo de M\u00fanich le dio a Gran Breta\u00f1a un tiempo valioso para rearmarse, el costo fue la traici\u00f3n a Checoslovaquia y la falsa esperanza de una paz que nunca existi\u00f3 realmente. El legado de &#8220;la paz en nuestros tiempos&#8221; sigue siendo una advertencia, un recordatorio de que la verdadera paz requiere m\u00e1s que solo palabras en un trozo de papel.<\/p>\n","protected":false},"excerpt":{"rendered":"<p>La frase &#8220;la paz en nuestros tiempos&#8221; resuena con una iron\u00eda escalofriante, ligada para siempre al desafortunado aplacamiento de Adolf &#8230; <a title=\"La paz en nuestros tiempos: Una promesa vac\u00eda\" class=\"read-more\" href=\"https:\/\/latrespace.com\/es\/la-paz-en-nuestros-tiempos-una-promesa-vacia\/\" aria-label=\"Leer m\u00e1s sobre La paz en nuestros tiempos: Una promesa vac\u00eda\"> <\/a><\/p>\n","protected":false},"author":1,"featured_media":0,"comment_status":"closed","ping_status":"closed","sticky":false,"template":"","format":"standard","meta":{"footnotes":""},"categories":[47],"tags":[],"class_list":["post-10311","post","type-post","status-publish","format-standard","hentry","category-poemas","generate-columns","tablet-grid-50","mobile-grid-100","grid-parent","grid-25"],"lang":"es","translations":{"es":10311,"en":3646,"fr":4560,"de":11778},"_links":{"self":[{"href":"https:\/\/latrespace.com\/es\/wp-json\/wp\/v2\/posts\/10311","targetHints":{"allow":["GET"]}}],"collection":[{"href":"https:\/\/latrespace.com\/es\/wp-json\/wp\/v2\/posts"}],"about":[{"href":"https:\/\/latrespace.com\/es\/wp-json\/wp\/v2\/types\/post"}],"author":[{"embeddable":true,"href":"https:\/\/latrespace.com\/es\/wp-json\/wp\/v2\/users\/1"}],"replies":[{"embeddable":true,"href":"https:\/\/latrespace.com\/es\/wp-json\/wp\/v2\/comments?post=10311"}],"version-history":[{"count":0,"href":"https:\/\/latrespace.com\/es\/wp-json\/wp\/v2\/posts\/10311\/revisions"}],"wp:attachment":[{"href":"https:\/\/latrespace.com\/es\/wp-json\/wp\/v2\/media?parent=10311"}],"wp:term":[{"taxonomy":"category","embeddable":true,"href":"https:\/\/latrespace.com\/es\/wp-json\/wp\/v2\/categories?post=10311"},{"taxonomy":"post_tag","embeddable":true,"href":"https:\/\/latrespace.com\/es\/wp-json\/wp\/v2\/tags?post=10311"}],"curies":[{"name":"wp","href":"https:\/\/api.w.org\/{rel}","templated":true}]}}