{"id":10796,"date":"2025-05-24T14:01:42","date_gmt":"2025-05-24T14:01:42","guid":{"rendered":"https:\/\/latrespace.com\/poesia-del-holocausto-voces-que-conectan\/"},"modified":"2025-05-24T14:01:42","modified_gmt":"2025-05-24T14:01:42","slug":"poesia-del-holocausto-voces-que-conectan","status":"publish","type":"post","link":"https:\/\/latrespace.com\/es\/poesia-del-holocausto-voces-que-conectan\/","title":{"rendered":"Poes\u00eda del Holocausto: Voces que Conectan"},"content":{"rendered":"<p>El D\u00eda Internacional de Conmemoraci\u00f3n en Memoria de las V\u00edctimas del Holocausto sirve como un solemne recordatorio de los seis millones de jud\u00edos sistem\u00e1ticamente asesinados por los nazis, junto a millones de otras personas que fueron perseguidas por su discapacidad, etnia, orientaci\u00f3n sexual o creencias pol\u00edticas. Si bien las estad\u00edsticas y los relatos hist\u00f3ricos proporcionan el marco f\u00e1ctico crucial de este horrible per\u00edodo, acercarse a la <strong>poes\u00eda del Holocausto<\/strong> ofrece un camino \u00edntimo y personal \u00fanico para comprender la experiencia humana m\u00e1s all\u00e1 de los n\u00fameros.<\/p>\n<p>La poes\u00eda, con su capacidad inherente de inmediatez emocional y expresi\u00f3n concisa, se convirti\u00f3 en un medio vital para las personas que enfrentaban circunstancias inimaginables. Ya fuera escrita por aquellos atrapados en guetos y campos mientras los eventos se desarrollaban, o por sobrevivientes y generaciones posteriores que lidiaban con el trauma y el legado, la <strong>poes\u00eda del Holocausto<\/strong> da voz a los miedos, esperanzas, p\u00e9rdidas y resistencia de las personas. A diferencia de la prosa hist\u00f3rica, que a menudo trata eventos macro, la poes\u00eda destila la experiencia en im\u00e1genes potentes y frases resonantes, capaces de transmitir lo que de otro modo ser\u00eda indecible.<\/p>\n<p>Muchos poemas de esta \u00e9poca se conservaron de forma precaria: garabateados en trozos de papel, escondidos, enterrados o sacados de contrabando. Estos actos de escritura fueron a menudo gestos desafiantes para preservar la humanidad y dar testimonio. Los poetas, escribiendo en varios idiomas, desde yiddish y alem\u00e1n hasta franc\u00e9s y h\u00fangaro, eligieron la poes\u00eda por su impacto emocional directo y su capacidad para capturar la esencia de su realidad con cruda potencia. Para los hablantes de espa\u00f1ol hoy, el trabajo de traductores expertos es esencial, salvando la brecha ling\u00fc\u00edstica para permitir que estas poderosas voces lleguen a un p\u00fablico m\u00e1s amplio, esforz\u00e1ndose por conservar la intensidad y resonancia originales.<\/p>\n<p><img decoding=\"async\" src=\"https:\/\/latrespace.com\/wp-content\/uploads\/2025\/05\/file-20250110-15-rdfnbz.webp\" alt=\"Imagen abstracta que representa p\u00e9rdida o memoria.\" width=\"1920\" height=\"1093\" \/><em class=\"cap-ai\">Imagen abstracta que representa p\u00e9rdida o memoria.<\/em><\/p>\n<h2>Voces Testigo: Poetas Famosos y Menos Conocidos<\/h2>\n<p>Algunos poetas cuyas vidas fueron modeladas irrevocablemente por el Holocausto han alcanzado reconocimiento internacional. Paul Celan, poeta rumano-alem\u00e1n cuyos padres perecieron, es uno de los m\u00e1s significativos. Su obra, incluida la conmovedora &#8220;Fuga de Muerte&#8221; (1948), captura los ritmos de pesadilla y las realidades brutales de los campos a trav\u00e9s de im\u00e1genes complejas y evocadoras. Su suicidio en 1970 subraya el trauma perdurable infligido por el genocidio.<\/p>\n<p>Nelly Sachs, poeta jud\u00eda alemana que escap\u00f3 por poco a Suecia, recibi\u00f3 el Premio Nobel de Literatura en 1966. Su poes\u00eda, profundamente impregnada de misticismo jud\u00edo y el sufrimiento de su pueblo, explora temas de huida, exilio y las cenizas de la aniquilaci\u00f3n, transformando el dolor en un lenguaje poderoso y simb\u00f3lico.<\/p>\n<p>Otras figuras destacadas incluyen al poeta yiddish Abraham Sutzkever, al escritor italiano y sobreviviente del Holocausto Primo Levi (conocido tambi\u00e9n por sus poderosas memorias en prosa), y al poeta h\u00fangaro Mikl\u00f3s Radn\u00f3ti, quien continu\u00f3 escribiendo incluso mientras estaba en un campo de trabajo forzado, escondiendo poemas en un cuaderno encontrado con su cuerpo despu\u00e9s de su muerte.<\/p>\n<p>Si bien estos poetas famosos brindan perspectivas esenciales, el panorama m\u00e1s amplio de la <strong>poes\u00eda del Holocausto<\/strong> se enriquece inmensamente con las voces de escritores menos conocidos. Sus poemas a menudo capturan los detalles precisos de la vida cotidiana, los miedos \u00edntimos y las esperanzas desesperadas de las personas, ofreciendo un tipo diferente de resonancia.<\/p>\n<p>Selma Meerbaum-Eisinger, poeta rumano-alemana, escribi\u00f3 con conmovedora previsi\u00f3n a los 17 a\u00f1os antes de ser transportada a un campo de concentraci\u00f3n donde muri\u00f3 un a\u00f1o despu\u00e9s. Sus poemas capturan la temerosa anticipaci\u00f3n de la juventud frente a la oscuridad que se cierne. De manera similar, la poeta lituana Matilda Olkinait\u0117 fue asesinada a los 19 a\u00f1os. La poes\u00eda que dejaron estas j\u00f3venes escritoras ofrece un desgarrador vistazo del potencial perdido, recreado para nosotros a trav\u00e9s de la traducci\u00f3n.<\/p>\n<h2>Explorando la Profundidad a Trav\u00e9s de Antolog\u00edas<\/h2>\n<p>Para quienes buscan una comprensi\u00f3n completa de la <strong>poes\u00eda del Holocausto<\/strong>, las antolog\u00edas son recursos invaluables. Re\u00fanen voces diversas de varios idiomas y experiencias, a menudo proporcionando informaci\u00f3n contextual crucial que mejora la comprensi\u00f3n y la conexi\u00f3n emocional. Antolog\u00edas anteriores como <em>Holocaust Poetry<\/em> de Hilda Schiff (1995) y <em>Beyond Lament<\/em> de Marguerite Striar (1998) siguen siendo colecciones significativas.<\/p>\n<p>Esfuerzos m\u00e1s recientes buscan ampliar a\u00fan m\u00e1s el alcance. <em>Poetry of the Holocaust<\/em> (2019), coeditada por Jean Boase-Beier y Marian de Vooght, busc\u00f3 espec\u00edficamente poemas menos conocidos. Con obras de 35 traductores, la antolog\u00eda presenta poemas en su forma original y traducida, acompa\u00f1ados de notas contextuales. Esta colecci\u00f3n incluye voces previamente marginadas, como el an\u00f3nimo &#8220;Canto de los Roman\u00edes&#8221;, que lamenta el destino de las v\u00edctimas roman\u00edes y viajeras, y la obra del escritor franc\u00e9s Andr\u00e9 Sarcq, cuyo poema &#8220;A los Hombres Asesinados Dos Veces&#8221; (&#8220;To the Twice-Murdered Men&#8221;) describe v\u00edvidamente el brutal asesinato de su amante, reflejando el horrible trato a los hombres homosexuales.<\/p>\n<p>La antolog\u00eda tambi\u00e9n incluye relatos intensamente personales: La miembro de la Resistencia Polaca Irena Bobowska, dependiente de una silla de ruedas que le fue cruelmente arrebatada, visualiz\u00f3 el mundo que perdi\u00f3 en &#8220;As\u00ed Aprendo el Mayor Arte de la Vida&#8221; (&#8220;So I Learn Life\u2019s Greatest Art&#8221;). El poeta alem\u00e1n Alfred Schmidt-Sas, con las manos atadas, escribi\u00f3 &#8220;Extra\u00f1a Levedad de la Vida&#8221; (&#8220;Strange Lightness of Life&#8221;) justo antes de su ejecuci\u00f3n. Y en &#8220;Dios M\u00edo&#8221; (&#8220;My God&#8221;), la poeta francesa Catherine Roux captura la horrible pero mundana realidad de llegar a un campo: &#8220;No tengo cabello \/ No tengo pa\u00f1uelo.&#8221;<\/p>\n<p><img decoding=\"async\" src=\"https:\/\/latrespace.com\/wp-content\/uploads\/2025\/05\/file-20250123-15-by4n9g.webp\" alt=\"Primer plano de p\u00e1gina con texto manuscrito y mancha de vino tinto.\" width=\"1920\" height=\"1187\" \/><em class=\"cap-ai\">Primer plano de p\u00e1gina con texto manuscrito y mancha de vino tinto.<\/em><\/p>\n<p>A trav\u00e9s de estos versos intensamente personales, muy parecidos a las profundas emociones capturadas en <a href=\"https:\/\/latrespace.com\/my-love-for-you-poems-for-my-husband\/\">poemas de mi amor por ti para mi esposo<\/a>, estos poetas articularon sus miedos espec\u00edficos, p\u00e9rdidas y momentos fugaces de reflexi\u00f3n o resistencia.<\/p>\n<p><img decoding=\"async\" src=\"https:\/\/latrespace.com\/wp-content\/uploads\/2025\/05\/file-20250123-21-frwdjz.webp\" alt=\"Portada del libro &quot;Poes\u00eda del Holocausto&quot;.\" width=\"1920\" height=\"2879\" \/><em class=\"cap-ai\">Portada del libro &quot;Poes\u00eda del Holocausto&quot;.<\/em><\/p>\n<h2>Conclusi\u00f3n<\/h2>\n<p>Leer <strong>poes\u00eda del Holocausto<\/strong> no es simplemente un ejercicio acad\u00e9mico; es un acto de profunda empat\u00eda y recuerdo. Nos permite ir m\u00e1s all\u00e1 de las abrumadoras estad\u00edsticas para conectar con los seres humanos individuales que sufrieron y fueron asesinados. Cada poema es un testimonio de la resiliencia del esp\u00edritu humano, incluso frente a la depravaci\u00f3n absoluta, y un ruego para que las generaciones futuras recuerden y comprendan. Al conectar con estas diversas voces po\u00e9ticas, honramos a las v\u00edctimas y obtenemos una comprensi\u00f3n m\u00e1s profunda y emocionalmente resonante del Holocausto y otros genocidios a lo largo de la historia. La poes\u00eda asegura que sus historias individuales, sus miedos y su humanidad no se pierdan en el tiempo.<\/p>\n","protected":false},"excerpt":{"rendered":"<p>El D\u00eda Internacional de Conmemoraci\u00f3n en Memoria de las V\u00edctimas del Holocausto sirve como un solemne recordatorio de los seis &#8230; <a title=\"Poes\u00eda del Holocausto: Voces que Conectan\" class=\"read-more\" href=\"https:\/\/latrespace.com\/es\/poesia-del-holocausto-voces-que-conectan\/\" aria-label=\"Leer m\u00e1s sobre Poes\u00eda del Holocausto: Voces que Conectan\"> <\/a><\/p>\n","protected":false},"author":1,"featured_media":10253,"comment_status":"closed","ping_status":"closed","sticky":false,"template":"","format":"standard","meta":{"footnotes":""},"categories":[47],"tags":[],"class_list":["post-10796","post","type-post","status-publish","format-standard","has-post-thumbnail","hentry","category-poemas","generate-columns","tablet-grid-50","mobile-grid-100","grid-parent","grid-25"],"lang":"es","translations":{"es":10796,"en":10252,"fr":12545,"de":14766},"_links":{"self":[{"href":"https:\/\/latrespace.com\/es\/wp-json\/wp\/v2\/posts\/10796","targetHints":{"allow":["GET"]}}],"collection":[{"href":"https:\/\/latrespace.com\/es\/wp-json\/wp\/v2\/posts"}],"about":[{"href":"https:\/\/latrespace.com\/es\/wp-json\/wp\/v2\/types\/post"}],"author":[{"embeddable":true,"href":"https:\/\/latrespace.com\/es\/wp-json\/wp\/v2\/users\/1"}],"replies":[{"embeddable":true,"href":"https:\/\/latrespace.com\/es\/wp-json\/wp\/v2\/comments?post=10796"}],"version-history":[{"count":0,"href":"https:\/\/latrespace.com\/es\/wp-json\/wp\/v2\/posts\/10796\/revisions"}],"wp:featuredmedia":[{"embeddable":true,"href":"https:\/\/latrespace.com\/es\/wp-json\/wp\/v2\/media\/10253"}],"wp:attachment":[{"href":"https:\/\/latrespace.com\/es\/wp-json\/wp\/v2\/media?parent=10796"}],"wp:term":[{"taxonomy":"category","embeddable":true,"href":"https:\/\/latrespace.com\/es\/wp-json\/wp\/v2\/categories?post=10796"},{"taxonomy":"post_tag","embeddable":true,"href":"https:\/\/latrespace.com\/es\/wp-json\/wp\/v2\/tags?post=10796"}],"curies":[{"name":"wp","href":"https:\/\/api.w.org\/{rel}","templated":true}]}}