{"id":12203,"date":"2025-05-25T01:26:04","date_gmt":"2025-05-25T01:26:04","guid":{"rendered":"https:\/\/latrespace.com\/babi-yar-el-poderoso-poema-de-yevgeny-yevtushenko-contra-el-olvido\/"},"modified":"2025-05-25T01:26:04","modified_gmt":"2025-05-25T01:26:04","slug":"babi-yar-el-poderoso-poema-de-yevgeny-yevtushenko-contra-el-olvido","status":"publish","type":"post","link":"https:\/\/latrespace.com\/es\/babi-yar-el-poderoso-poema-de-yevgeny-yevtushenko-contra-el-olvido\/","title":{"rendered":"&#8220;Babi Yar&#8221;: El Poderoso Poema de Yevgeny Yevtushenko contra el Olvido"},"content":{"rendered":"<p>Yevgeny Yevtushenko, un poeta prominente de la era sovi\u00e9tica, escribi\u00f3 una poderosa denuncia de la masacre de Babi Yar en su poema hom\u00f3nimo. Esta conmovedora obra, incorporada m\u00e1s tarde en la Sinfon\u00eda No. 13 de Dmitri Shostakovich, sirve como un escalofriante recordatorio de los horrores del antisemitismo y la importancia de la memoria. Este art\u00edculo explora el contexto hist\u00f3rico del poema, su profundidad emocional y su impacto duradero en la lucha contra el prejuicio.<\/p>\n<p><img decoding=\"async\" src=\"https:\/\/latrespace.com\/wp-content\/uploads\/2025\/05\/yevgeny-yevtushenko.webp\" alt=\"Retrato de Yevgeny Yevtushenko\" width=\"240\" height=\"312\" \/><em class=\"cap-ai\">Retrato de Yevgeny Yevtushenko<\/em><\/p>\n<p>&#8220;Babi Yar&#8221; de Yevtushenko trasciende un simple relato de eventos hist\u00f3ricos. Es un viaje visceral a trav\u00e9s del dolor y el sufrimiento padecido por el pueblo jud\u00edo a lo largo de la historia, conectando la masacre de Babi Yar con el contexto m\u00e1s amplio de la persecuci\u00f3n antisemita. El poema resuena profundamente en los lectores, oblig\u00e1ndolos a confrontar los horrores del pasado y considerar sus implicaciones para el presente.<\/p>\n<h2>Un Grito Contra la Injusticia: An\u00e1lisis de &#8220;Babi Yar&#8221;<\/h2>\n<p>El poema se abre con una imagen cruda: la ausencia de un monumento en Babi Yar, el lugar de la masacre. Esta ausencia habla vol\u00famenes, destacando los intentos iniciales de borrar esta tragedia de la memoria p\u00fablica. Las palabras de Yevtushenko se convierten ellas mismas en un monumento, asegurando que las v\u00edctimas nunca sean olvidadas.<\/p>\n<blockquote>\n<p>&#8220;No se alza monumento sobre Babi Yar. \/ S\u00f3lo un acantilado empinado, como la m\u00e1s tosca l\u00e1pida. \/ Tengo miedo. Hoy, tengo la edad \/ De toda la raza jud\u00eda misma.&#8221;<\/p>\n<\/blockquote>\n<p>El poeta encarna el sufrimiento colectivo del pueblo jud\u00edo, identific\u00e1ndose con figuras hist\u00f3ricas como Dreyfus y Anne Frank, y con las v\u00edctimas de los pogromos y el Holocausto. Esta poderosa empat\u00eda le permite hablar no solo por los muertos de Babi Yar, sino por las v\u00edctimas del antisemitismo a trav\u00e9s de generaciones.<\/p>\n<blockquote>\n<p>&#8220;Me parece que Dreyfus soy yo mismo. \/ Los filisteos me traicionaron \u2013 y ahora juzgan. \/ Estoy en una jaula. Rodeado y atrapado&#8230;&#8221;<\/p>\n<\/blockquote>\n<h2>Un Mensaje Universal de Humanidad<\/h2>\n<p>Si bien &#8220;Babi Yar&#8221; aborda espec\u00edficamente el antisemitismo, su mensaje se extiende m\u00e1s all\u00e1 de cualquier grupo individual. Habla de los peligros del odio y la intolerancia en todas sus formas. La identificaci\u00f3n de Yevtushenko con las v\u00edctimas subraya la interconexi\u00f3n de la humanidad, record\u00e1ndonos que la injusticia contra uno es injusticia contra todos.<\/p>\n<blockquote>\n<p>&#8220;Conozco la bondad de mi tierra natal. \/ \u00a1Qu\u00e9 vil, que sin el menor temblor \/ Los antisemitas se hayan proclamado \/ La &#8220;Uni\u00f3n del Pueblo Ruso!&#8221;&#8221;<\/p>\n<\/blockquote>\n<p>Las im\u00e1genes en el poema son crudas y poderosas, evocando las duras realidades de la masacre. Las &#8220;hierbas silvestres&#8221; y los \u00e1rboles que juzgan &#8220;severamente&#8221; crean una atm\u00f3sfera inquietante, enfatizando el peso de la tragedia. La transformaci\u00f3n del poeta en &#8220;un largo grito silencioso&#8221; captura el inimaginable sufrimiento de las v\u00edctimas.<\/p>\n<blockquote>\n<p>&#8220;Las hierbas silvestres susurran sobre Babi Yar, \/ Los \u00e1rboles miran severamente, como si juzgaran. \/ Aqu\u00ed, en silencio, todos gritan&#8230;&#8221;<\/p>\n<\/blockquote>\n<h2>El Legado de &#8220;Babi Yar&#8221;<\/h2>\n<p>El poema de Yevtushenko jug\u00f3 un papel significativo en la concienciaci\u00f3n sobre Babi Yar y los horrores del antisemitismo en la Uni\u00f3n Sovi\u00e9tica. Desafi\u00f3 el silencio oficial que rodeaba la masacre y desat\u00f3 el discurso p\u00fablico sobre el tema. El impacto del poema reson\u00f3 mucho m\u00e1s all\u00e1 de su publicaci\u00f3n inicial, inspirando a innumerables individuos a levantarse contra el prejuicio y la injusticia.<\/p>\n<blockquote>\n<p>&#8220;Ninguna fibra de mi cuerpo olvidar\u00e1 esto. \/ Que la &#8220;Internacional&#8221; truene y resuene \/ Cuando, para siempre, sea enterrado y olvidado \/ El \u00faltimo de los antisemitas en esta tierra.&#8221;<\/p>\n<\/blockquote>\n<p>Las l\u00edneas finales del poema son un llamado a la acci\u00f3n, instando a los lectores a luchar contra el antisemitismo y todas las formas de odio. Las poderosas palabras de Yevtushenko contin\u00faan inspirando esperanza para un futuro libre de prejuicios, donde la memoria de tragedias como Babi Yar sirve como un recordatorio constante de la importancia de la tolerancia y la comprensi\u00f3n.<\/p>\n<h2>La Influencia Duradera del Poeta de Babi Yar<\/h2>\n<p>El legado de Yevtushenko como el &#8220;poeta de Babi Yar&#8221; sigue siendo un testimonio del poder de la poes\u00eda para confrontar la injusticia. Su obra contin\u00faa resonando en los lectores de hoy, sirviendo como un conmovedor recordatorio de la importancia de la memoria y la lucha continua contra todas las formas de odio. A trav\u00e9s de sus palabras, las v\u00edctimas de Babi Yar reciben una voz, y sus historias contin\u00faan inspirando a generaciones a esforzarse por un mundo m\u00e1s justo y compasivo.<\/p>\n","protected":false},"excerpt":{"rendered":"<p>Yevgeny Yevtushenko, un poeta prominente de la era sovi\u00e9tica, escribi\u00f3 una poderosa denuncia de la masacre de Babi Yar en &#8230; <a title=\"&#8220;Babi Yar&#8221;: El Poderoso Poema de Yevgeny Yevtushenko contra el Olvido\" class=\"read-more\" href=\"https:\/\/latrespace.com\/es\/babi-yar-el-poderoso-poema-de-yevgeny-yevtushenko-contra-el-olvido\/\" aria-label=\"Leer m\u00e1s sobre &#8220;Babi Yar&#8221;: El Poderoso Poema de Yevgeny Yevtushenko contra el Olvido\"> <\/a><\/p>\n","protected":false},"author":1,"featured_media":2700,"comment_status":"closed","ping_status":"closed","sticky":false,"template":"","format":"standard","meta":{"footnotes":""},"categories":[47],"tags":[],"class_list":["post-12203","post","type-post","status-publish","format-standard","has-post-thumbnail","hentry","category-poemas","generate-columns","tablet-grid-50","mobile-grid-100","grid-parent","grid-25"],"lang":"es","translations":{"es":12203,"en":2699,"de":4101,"fr":11141},"_links":{"self":[{"href":"https:\/\/latrespace.com\/es\/wp-json\/wp\/v2\/posts\/12203","targetHints":{"allow":["GET"]}}],"collection":[{"href":"https:\/\/latrespace.com\/es\/wp-json\/wp\/v2\/posts"}],"about":[{"href":"https:\/\/latrespace.com\/es\/wp-json\/wp\/v2\/types\/post"}],"author":[{"embeddable":true,"href":"https:\/\/latrespace.com\/es\/wp-json\/wp\/v2\/users\/1"}],"replies":[{"embeddable":true,"href":"https:\/\/latrespace.com\/es\/wp-json\/wp\/v2\/comments?post=12203"}],"version-history":[{"count":0,"href":"https:\/\/latrespace.com\/es\/wp-json\/wp\/v2\/posts\/12203\/revisions"}],"wp:featuredmedia":[{"embeddable":true,"href":"https:\/\/latrespace.com\/es\/wp-json\/wp\/v2\/media\/2700"}],"wp:attachment":[{"href":"https:\/\/latrespace.com\/es\/wp-json\/wp\/v2\/media?parent=12203"}],"wp:term":[{"taxonomy":"category","embeddable":true,"href":"https:\/\/latrespace.com\/es\/wp-json\/wp\/v2\/categories?post=12203"},{"taxonomy":"post_tag","embeddable":true,"href":"https:\/\/latrespace.com\/es\/wp-json\/wp\/v2\/tags?post=12203"}],"curies":[{"name":"wp","href":"https:\/\/api.w.org\/{rel}","templated":true}]}}