{"id":13186,"date":"2025-05-25T09:21:35","date_gmt":"2025-05-25T09:21:35","guid":{"rendered":"https:\/\/latrespace.com\/poesia-para-el-dia-del-recuerdo-mas-alla-de-la-amapola\/"},"modified":"2025-05-25T09:21:35","modified_gmt":"2025-05-25T09:21:35","slug":"poesia-para-el-dia-del-recuerdo-mas-alla-de-la-amapola","status":"publish","type":"post","link":"https:\/\/latrespace.com\/es\/poesia-para-el-dia-del-recuerdo-mas-alla-de-la-amapola\/","title":{"rendered":"Poes\u00eda para el D\u00eda del Recuerdo: M\u00e1s all\u00e1 de la Amapola"},"content":{"rendered":"<p>La amapola roja, un s\u00edmbolo ubicuo del recuerdo, domina nuestro paisaje visual a medida que se acerca el D\u00eda del Recuerdo. Si bien esta peque\u00f1a y brillante flor sirve como un tributo visible a los ca\u00eddos, es f\u00e1cil olvidar las formas m\u00e1s silenciosas e introspectivas de recuerdo, como la poes\u00eda. M\u00e1s all\u00e1 del patriotismo performativo, la poes\u00eda ofrece una forma profunda de conectar con las complejidades emocionales de la guerra y honrar la memoria de los perdidos. Este D\u00eda del Recuerdo, exploremos el poder de las palabras para trascender lo simb\u00f3lico y adentrarnos en la experiencia humana del conflicto.<\/p>\n<h2>El Poder Duradero de la Poes\u00eda de Guerra<\/h2>\n<p>Si bien la amapola sirve como un s\u00edmbolo f\u00e1cilmente identificable, la poes\u00eda exige m\u00e1s de nosotros. Requiere compromiso, reflexi\u00f3n y empat\u00eda. Los poetas de guerra, a menudo escribiendo desde las trincheras, ofrecen un retrato crudamente honesto de las realidades de la guerra, muy alejado de las narrativas glorificadas que a menudo se perpet\u00faan. Sus palabras resuenan a trav\u00e9s del tiempo, record\u00e1ndonos la humanidad compartida que subyace incluso a los conflictos m\u00e1s brutales.<\/p>\n<h2>Wilfred Owen: Desafiando la &#8220;Vieja Mentira&#8221;<\/h2>\n<p><em>Dulce et Decorum Est<\/em> de Wilfred Owen se erige como una condena visceral de los horrores de la guerra. Sus descripciones gr\u00e1ficas del sufrimiento y la confrontaci\u00f3n inquebrantable del poema con la &#8220;vieja Mentira&#8221; \u2013 la idea de que es dulce y apropiado morir por la patria \u2013 desaf\u00edan las nociones rom\u00e1nticas de la guerra y nos obligan a confrontar su brutal realidad.<\/p>\n<p><img decoding=\"async\" src=\"URL_DE_LA_IMAGEN_SORLEY\" alt=\"Charles Hamilton Sorley, una voz menos conocida pero poderosa de la Primera Guerra Mundial.\" \/><em class=\"cap-ai\">Charles Hamilton Sorley, una voz menos conocida pero poderosa de la Primera Guerra Mundial.<\/em><\/p>\n<h2>Charles Hamilton Sorley: Un Tipo Diferente de Recuerdo<\/h2>\n<p>La poes\u00eda de Charles Hamilton Sorley ofrece una alternativa convincente a las narrativas tradicionales del recuerdo. Su <em>Sin T\u00edtulo<\/em> (Cuando veas a millones de los muertos sin boca) rechaza los pronunciamientos sentimentales del recuerdo, inst\u00e1ndonos a confrontar la cruda realidad de la muerte sin recurrir a t\u00f3picos vac\u00edos. La vida tr\u00e1gicamente corta de Sorley, truncada en la Batalla de Loos a los 20 a\u00f1os, a\u00f1ade una capa conmovedora a sus palabras.<\/p>\n<h2>M\u00e1s All\u00e1 de las Fronteras Nacionales: Encontrando Terreno Com\u00fan<\/h2>\n<p><em>A Alemania<\/em> de Sorley es notablemente prof\u00e9tico en su llamado a la comprensi\u00f3n y la paz. Trasciende el fervor nacionalista del tiempo de guerra, reconociendo la ceguera y el sufrimiento compartidos en ambos lados del conflicto. Este sentimiento resuena en <em>Encuentro Extra\u00f1o<\/em> de Wilfred Owen, donde el hablante se encuentra con el enemigo al que mat\u00f3 en una visi\u00f3n inquietante de humanidad compartida en el inframundo.<\/p>\n<p><img decoding=\"async\" src=\"URL_DE_LA_IMAGEN_JONES\" alt=\"David Jones, autor de &quot;Entre Par\u00e9ntesis&quot;, una \u00e9pica modernista que explora las experiencias compartidas de los soldados.\" \/><em class=\"cap-ai\">David Jones, autor de &quot;Entre Par\u00e9ntesis&quot;, una \u00e9pica modernista que explora las experiencias compartidas de los soldados.<\/em><\/p>\n<h2>Ampliando el Canon: Voces Modernas e Internacionales<\/h2>\n<p>La definici\u00f3n de poes\u00eda de guerra se extiende mucho m\u00e1s all\u00e1 de las voces conocidas de la Primera Guerra Mundial. Poetas contempor\u00e1neos y voces internacionales ofrecen diversas perspectivas sobre el impacto del conflicto, enriqueciendo nuestra comprensi\u00f3n de sus consecuencias perdurables. Explorar estas perspectivas m\u00e1s amplias puede ofrecer una comprensi\u00f3n m\u00e1s matizada y completa de la experiencia humana de la guerra.<\/p>\n<h2>David Jones: Encontrando Unidad en la Diversidad<\/h2>\n<p><em>Entre Par\u00e9ntesis<\/em> de David Jones, una \u00e9pica modernista, explora las experiencias compartidas de soldados de diferentes or\u00edgenes. Jones destaca el terreno com\u00fan encontrado entre los soldados a pesar de sus diversos or\u00edgenes, record\u00e1ndonos la humanidad compartida que nos une incluso en medio del caos de la guerra.<\/p>\n<h2>El Recuerdo a Trav\u00e9s de la Humanidad Compartida<\/h2>\n<p>En \u00faltima instancia, la poes\u00eda de guerra m\u00e1s poderosa enfatiza la humanidad compartida que trasciende las fronteras nacionales y las ideolog\u00edas pol\u00edticas. Es al reconocer esta humanidad compartida que realmente podemos honrar la memoria de aquellos perdidos en la guerra y luchar por un futuro libre de conflicto. Este D\u00eda del Recuerdo, recurramos a las palabras de los poetas para encontrar significado, comprensi\u00f3n y esperanza frente a la p\u00e9rdida y el legado perdurable de la guerra.<\/p>\n","protected":false},"excerpt":{"rendered":"<p>La amapola roja, un s\u00edmbolo ubicuo del recuerdo, domina nuestro paisaje visual a medida que se acerca el D\u00eda del &#8230; <a title=\"Poes\u00eda para el D\u00eda del Recuerdo: M\u00e1s all\u00e1 de la Amapola\" class=\"read-more\" href=\"https:\/\/latrespace.com\/es\/poesia-para-el-dia-del-recuerdo-mas-alla-de-la-amapola\/\" aria-label=\"Leer m\u00e1s sobre Poes\u00eda para el D\u00eda del Recuerdo: M\u00e1s all\u00e1 de la Amapola\"> <\/a><\/p>\n","protected":false},"author":1,"featured_media":0,"comment_status":"closed","ping_status":"closed","sticky":false,"template":"","format":"standard","meta":{"footnotes":""},"categories":[47],"tags":[],"class_list":["post-13186","post","type-post","status-publish","format-standard","hentry","category-poemas","generate-columns","tablet-grid-50","mobile-grid-100","grid-parent","grid-25"],"lang":"es","translations":{"es":13186,"en":3509,"fr":4792,"de":10887},"_links":{"self":[{"href":"https:\/\/latrespace.com\/es\/wp-json\/wp\/v2\/posts\/13186","targetHints":{"allow":["GET"]}}],"collection":[{"href":"https:\/\/latrespace.com\/es\/wp-json\/wp\/v2\/posts"}],"about":[{"href":"https:\/\/latrespace.com\/es\/wp-json\/wp\/v2\/types\/post"}],"author":[{"embeddable":true,"href":"https:\/\/latrespace.com\/es\/wp-json\/wp\/v2\/users\/1"}],"replies":[{"embeddable":true,"href":"https:\/\/latrespace.com\/es\/wp-json\/wp\/v2\/comments?post=13186"}],"version-history":[{"count":0,"href":"https:\/\/latrespace.com\/es\/wp-json\/wp\/v2\/posts\/13186\/revisions"}],"wp:attachment":[{"href":"https:\/\/latrespace.com\/es\/wp-json\/wp\/v2\/media?parent=13186"}],"wp:term":[{"taxonomy":"category","embeddable":true,"href":"https:\/\/latrespace.com\/es\/wp-json\/wp\/v2\/categories?post=13186"},{"taxonomy":"post_tag","embeddable":true,"href":"https:\/\/latrespace.com\/es\/wp-json\/wp\/v2\/tags?post=13186"}],"curies":[{"name":"wp","href":"https:\/\/api.w.org\/{rel}","templated":true}]}}