{"id":14165,"date":"2025-05-25T18:01:57","date_gmt":"2025-05-25T18:01:57","guid":{"rendered":"https:\/\/latrespace.com\/poemas-cortos-del-holocausto-ecos-de-perdida-y-resiliencia\/"},"modified":"2025-05-25T18:01:57","modified_gmt":"2025-05-25T18:01:57","slug":"poemas-cortos-del-holocausto-ecos-de-perdida-y-resiliencia","status":"publish","type":"post","link":"https:\/\/latrespace.com\/es\/poemas-cortos-del-holocausto-ecos-de-perdida-y-resiliencia\/","title":{"rendered":"Poemas Cortos del Holocausto: Ecos de P\u00e9rdida y Resiliencia"},"content":{"rendered":"<p>El Holocausto, un per\u00edodo de crueldad y sufrimiento inimaginables, ha dejado una cicatriz perdurable en la historia humana. Si bien los relatos exhaustivos y los an\u00e1lisis hist\u00f3ricos son cruciales para comprender su magnitud, la poes\u00eda ofrece una lente \u00fanica y conmovedora a trav\u00e9s de la cual explorar las profundidades emocionales de esta tragedia. Los poemas cortos, en particular, pueden capturar recuerdos fragmentados, estallidos repentinos de dolor y la fuerza perdurable del esp\u00edritu humano frente a horrores inenarrables. Esta exploraci\u00f3n profundiza en el poder de los poemas cortos sobre el Holocausto, examinando c\u00f3mo transmiten las complejas emociones y experiencias asociadas con este oscuro cap\u00edtulo.<\/p>\n<h2>Testimoniando a Trav\u00e9s del Verso<\/h2>\n<p>Los poemas cortos sobre el Holocausto a menudo sirven como actos poderosos de testimonio, transmitiendo las experiencias inimaginables de v\u00edctimas y sobrevivientes de maneras concisas pero impactantes. Ofrecen atisbos de la deshumanizaci\u00f3n, el miedo y la p\u00e9rdida que definieron esta era.<\/p>\n<p>La brevedad de estos poemas puede reflejar los recuerdos fragmentados y la lucha por articular el trauma sufrido. Una sola imagen, una emoci\u00f3n fugaz o una pesadilla recurrente pueden convertirse en el punto focal de un poema corto, encapsulando un mundo de dolor y resiliencia.<\/p>\n<h2>Explorando Temas de P\u00e9rdida y Memoria<\/h2>\n<p>La p\u00e9rdida impregna la poes\u00eda sobre el Holocausto. La p\u00e9rdida de seres queridos, hogares, identidades e incluso la esperanza misma son temas recurrentes. Los poemas cortos pueden destilar estas p\u00e9rdidas profundas en poderosas expresiones de dolor y recuerdo. Pueden centrarse en un objeto espec\u00edfico, una fotograf\u00eda perdida o un recuerdo preciado, evocando la ausencia tangible dejada por la devastaci\u00f3n del Holocausto.<\/p>\n<p>La memoria juega un papel vital en estos poemas, sirviendo tanto como fuente de dolor como un testimonio de las vidas perdidas. El acto de recordar se convierte en un acto de desaf\u00edo, asegurando que las v\u00edctimas no sean olvidadas y que sus historias sigan siendo contadas.<\/p>\n<h2>Encontrando Resiliencia Frente a la Desesperaci\u00f3n<\/h2>\n<p>Si bien el dolor y la p\u00e9rdida son temas centrales en la poes\u00eda sobre el Holocausto, tambi\u00e9n lo es la resiliencia. Los poemas cortos pueden capturar momentos de desaf\u00edo, actos de bondad y la fuerza perdurable del esp\u00edritu humano. Estos poemas pueden ofrecer un destello de esperanza en medio de la oscuridad, record\u00e1ndonos el poder de la perseverancia y la voluntad de sobrevivir.<\/p>\n<p>Tambi\u00e9n pueden explorar las complejas emociones de los sobrevivientes, quienes luchan con la carga de la memoria mientras se esfuerzan por reconstruir sus vidas despu\u00e9s de un trauma inimaginable.<\/p>\n<h2>Un Legado de Recuerdo<\/h2>\n<p>Los poemas cortos sobre el Holocausto ofrecen una forma poderosa y accesible de abordar las complejas emociones y experiencias asociadas con esta tragedia hist\u00f3rica. Sirven como un recordatorio vital de la importancia del recuerdo y la lucha continua contra la intolerancia y el odio.<\/p>\n<p>Al explorar estos poemas, podemos profundizar nuestra comprensi\u00f3n del impacto del Holocausto y honrar la memoria de quienes perecieron. Fomentan la empat\u00eda, la reflexi\u00f3n y el compromiso de garantizar que tales atrocidades nunca se repitan. Los ecos de p\u00e9rdida y resiliencia resuenan a trav\u00e9s de estos breves versos, inst\u00e1ndonos a aprender del pasado y luchar por un futuro libre de odio y persecuci\u00f3n.<\/p>\n","protected":false},"excerpt":{"rendered":"<p>El Holocausto, un per\u00edodo de crueldad y sufrimiento inimaginables, ha dejado una cicatriz perdurable en la historia humana. Si bien &#8230; <a title=\"Poemas Cortos del Holocausto: Ecos de P\u00e9rdida y Resiliencia\" class=\"read-more\" href=\"https:\/\/latrespace.com\/es\/poemas-cortos-del-holocausto-ecos-de-perdida-y-resiliencia\/\" aria-label=\"Leer m\u00e1s sobre Poemas Cortos del Holocausto: Ecos de P\u00e9rdida y Resiliencia\"> <\/a><\/p>\n","protected":false},"author":1,"featured_media":0,"comment_status":"closed","ping_status":"closed","sticky":false,"template":"","format":"standard","meta":{"footnotes":""},"categories":[47],"tags":[],"class_list":["post-14165","post","type-post","status-publish","format-standard","hentry","category-poemas","generate-columns","tablet-grid-50","mobile-grid-100","grid-parent","grid-25"],"lang":"es","translations":{"es":14165,"en":3353,"fr":14128,"de":14778},"_links":{"self":[{"href":"https:\/\/latrespace.com\/es\/wp-json\/wp\/v2\/posts\/14165","targetHints":{"allow":["GET"]}}],"collection":[{"href":"https:\/\/latrespace.com\/es\/wp-json\/wp\/v2\/posts"}],"about":[{"href":"https:\/\/latrespace.com\/es\/wp-json\/wp\/v2\/types\/post"}],"author":[{"embeddable":true,"href":"https:\/\/latrespace.com\/es\/wp-json\/wp\/v2\/users\/1"}],"replies":[{"embeddable":true,"href":"https:\/\/latrespace.com\/es\/wp-json\/wp\/v2\/comments?post=14165"}],"version-history":[{"count":0,"href":"https:\/\/latrespace.com\/es\/wp-json\/wp\/v2\/posts\/14165\/revisions"}],"wp:attachment":[{"href":"https:\/\/latrespace.com\/es\/wp-json\/wp\/v2\/media?parent=14165"}],"wp:term":[{"taxonomy":"category","embeddable":true,"href":"https:\/\/latrespace.com\/es\/wp-json\/wp\/v2\/categories?post=14165"},{"taxonomy":"post_tag","embeddable":true,"href":"https:\/\/latrespace.com\/es\/wp-json\/wp\/v2\/tags?post=14165"}],"curies":[{"name":"wp","href":"https:\/\/api.w.org\/{rel}","templated":true}]}}