{"id":14224,"date":"2025-05-25T18:38:39","date_gmt":"2025-05-25T18:38:39","guid":{"rendered":"https:\/\/latrespace.com\/el-holocausto-en-versos-poesia-memoria-y-resiliencia\/"},"modified":"2025-05-25T18:38:39","modified_gmt":"2025-05-25T18:38:39","slug":"el-holocausto-en-versos-poesia-memoria-y-resiliencia","status":"publish","type":"post","link":"https:\/\/latrespace.com\/es\/el-holocausto-en-versos-poesia-memoria-y-resiliencia\/","title":{"rendered":"El Holocausto en Versos: Poes\u00eda, Memoria y Resiliencia"},"content":{"rendered":"<p>La poes\u00eda posee un poder \u00fanico y profundo para dar testimonio, articular lo inefable y preservar la memoria. El Holocausto, un evento hist\u00f3rico de horror inimaginable, ha impulsado a los poetas a confrontar los pozos m\u00e1s profundos de la desesperaci\u00f3n humana, la resiliencia y la p\u00e9rdida. Para muchos que buscan un poema que hable del Holocausto, est\u00e1n buscando voces que puedan transmitir la experiencia, el dolor, la memoria y la importancia perdurable de esta atrocidad. Si bien las palabras nunca podr\u00e1n capturar completamente la magnitud del sufrimiento, la poes\u00eda ofrece un medio vital para procesar, recordar y ense\u00f1ar sobre la Shoah.<\/p>\n<p>El acto de escribir poes\u00eda despu\u00e9s del Holocausto fue en s\u00ed mismo controvertido, cuestionado c\u00e9lebremente por Theodor Adorno, quien afirm\u00f3 que &#8220;escribir poes\u00eda despu\u00e9s de Auschwitz es barb\u00e1rico&#8221;. Sin embargo, los sobrevivientes y testigos encontraron en el verso una salida necesaria, una forma de reclamar un lenguaje que hab\u00eda sido retorcido y profanado, y de crear testimonios perdurables de las vidas perdidas y la capacidad del esp\u00edritu humano para resistir. Leer un poema sobre el Holocausto no es meramente un ejercicio acad\u00e9mico; es un acto de recuerdo y una confrontaci\u00f3n con los momentos m\u00e1s oscuros de la historia.<\/p>\n<h2>La Poes\u00eda como Testimonio: Portar lo Insuportable<\/h2>\n<p>Los poetas que experimentaron el Holocausto directamente, o escribieron inmediatamente despu\u00e9s, se enfrentaron al inmenso desaf\u00edo de encontrar un lenguaje adecuado para describir una barbarie tan sin precedentes. Sus poemas sirven como fuentes primarias de verdad emocional y psicol\u00f3gica, transmitiendo la experiencia vivida de persecuci\u00f3n, deshumanizaci\u00f3n y supervivencia. Estas obras no siempre son convencionalmente bellas; a menudo, son fragmentadas, crudas y llenas de im\u00e1genes descarnadas y brutales, reflejando la destrucci\u00f3n del mundo que conocieron.<\/p>\n<p>La poes\u00eda permite la condensaci\u00f3n, el lenguaje simb\u00f3lico y la intensidad emocional de maneras que la prosa a veces no puede. Una sola imagen, una met\u00e1fora o una palabra cuidadosamente elegida pueden evocar mundos de sufrimiento. Para aquellos que exploran [poema sobre el amor] o [poemas rom\u00e1nticos], entienden la capacidad de la poes\u00eda para transmitir emociones profundas. La poes\u00eda del Holocausto canaliza esa misma intensidad, redirigi\u00e9ndola hacia la p\u00e9rdida, el duelo y la lucha por la dignidad frente a la aniquilaci\u00f3n.<\/p>\n<h2>An\u00e1lisis de Voces Clave en la Poes\u00eda del Holocausto<\/h2>\n<p>Muchos poetas emergieron o fueron profundamente afectados por el Holocausto, y su obra se convirti\u00f3 en piedra angular de este dif\u00edcil g\u00e9nero. Examinar algunos ejemplos ayuda a iluminar las diversas formas en que los poetas abordaron este tema.<\/p>\n<h3>Paul Celan: El Lenguaje Fragmentado<\/h3>\n<p>Quiz\u00e1s el poeta m\u00e1s renombrado del Holocausto, Paul Celan, era un jud\u00edo rumano cuyos padres perecieron en campos. Su poes\u00eda es conocida por su innovaci\u00f3n ling\u00fc\u00edstica, densidad y exploraci\u00f3n de temas como la memoria, la culpa y la ruptura del lenguaje frente a la atrocidad. Su obra m\u00e1s famosa, &#8220;Todesfuge&#8221; (Fuga de Muerte), utiliza im\u00e1genes inquietantes y surrealistas para representar los ritmos de la muerte en los campos.<\/p>\n<p>Fragmentos de &#8220;Fuga de Muerte&#8221;:<\/p>\n<blockquote>\n<p>Leche negra del alba la bebemos de noche<br \/>\nla bebemos a mediod\u00eda la Muerte es un maestro de Alemania<br \/>\nla bebemos de tarde y de ma\u00f1ana la bebemos y bebemos<br \/>\nla Muerte es un maestro de Alemania su ojo es azul<br \/>\nte dispara con su bala de plomo su blanco es certero<br \/>\nun hombre vive en la casa tu pelo de oro Margarete<br \/>\nsuelta a sus mastines sobre nosotros nos concede una tumba en el aire<br \/>\njuega con sus serpientes y sue\u00f1a la Muerte es un maestro de Alemania<br \/>\ntu pelo de oro Margarete<br \/>\ntu pelo de ceniza Sulamit<\/p>\n<\/blockquote>\n<p>El uso de la repetici\u00f3n por parte de Celan, particularmente el escalofriante estribillo &#8220;la Muerte es un maestro de Alemania&#8221;, imita una fuga musical, pero tambi\u00e9n el horror implacable y mon\u00f3tono de los campos. La yuxtaposici\u00f3n de actos cotidianos (&#8220;la bebemos&#8221;) con lo macabro (&#8220;Leche negra&#8221;, &#8220;una tumba en el aire&#8221;) crea una poderosa sensaci\u00f3n de distorsi\u00f3n y terror. Las figuras de Margarete y Sulamit, que representan la feminidad alemana y jud\u00eda respectivamente, destacan la destructiva ideolog\u00eda racial en el n\u00facleo del r\u00e9gimen nazi. Analizar un poema sobre el Holocausto como &#8220;Fuga de Muerte&#8221; revela c\u00f3mo los poetas lidiaron con los cimientos mismos del lenguaje despu\u00e9s de tales eventos.<\/p>\n<h3>Nelly Sachs: Buscando Refugio en el Misticismo<\/h3>\n<p>Nelly Sachs, una poeta jud\u00eda alemana que huy\u00f3 a Suecia, escribi\u00f3 extensamente sobre el sufrimiento de su pueblo. Su obra a menudo mezcla un dolor personal descarnado con elementos del misticismo jud\u00edo y la profec\u00eda, buscando significado espiritual y refugio en un mundo destrozado.<\/p>\n<p>Su poema &#8220;Coro de los Salvados&#8221; habla con una voz colectiva:<\/p>\n<blockquote>\n<p>Nosotros, los salvados,<br \/>\nDe cuyos huesos conjur\u00f3 la Muerte sus flautas,<br \/>\nY de cuyos tendones tens\u00f3 sus violines&#8230;<\/p>\n<p>Nosotros, los salvados,<br \/>\nLos que ya no somos bellos,<br \/>\nA quienes el espanto<br \/>\nLes ha dado una morada&#8230;<\/p>\n<\/blockquote>\n<p>La poderosa imaginer\u00eda de Sachs transforma los cuerpos de las v\u00edctimas en instrumentos de muerte, un escalofriante testimonio de la instrumentalizaci\u00f3n nazi de los seres humanos. La &#8220;morada&#8221; del espanto es un crudo recordatorio de que la supervivencia a menudo ven\u00eda acompa\u00f1ada de un trauma duradero. Su obra, aunque arraigada en el sufrimiento, tambi\u00e9n busca la trascendencia y el poder perdurable del esp\u00edritu, ofreciendo una perspectiva contrastante con la desesperaci\u00f3n ling\u00fc\u00edstica de Celan.<\/p>\n<h3>Otras Voces Testigo<\/h3>\n<p>Muchos otros poetas contribuyeron a este corpus de obra. Primo Levi, conocido por su prosa autobiogr\u00e1fica <em>Si esto es un hombre<\/em>, tambi\u00e9n escribi\u00f3 poes\u00eda conmovedora. Poetas infantiles como Petr Ginz, que escribi\u00f3 en el gueto de Theresienstadt antes de ser deportado a Auschwitz, dejaron atr\u00e1s versos desgarradores que hablan de una resiliencia y una p\u00e9rdida inimaginables desde la perspectiva de un ni\u00f1o. Estas diversas voces contribuyen a una comprensi\u00f3n multifac\u00e9tica de la experiencia del Holocausto a trav\u00e9s del verso.<\/p>\n<h2>El Desaf\u00edo y la Importancia de Leer Poes\u00eda del Holocausto<\/h2>\n<p>Leer un poema sobre el Holocausto puede ser profundamente dif\u00edcil. El tema es desgarrador y las t\u00e9cnicas po\u00e9ticas utilizadas pueden ser desafiantes. Sin embargo, involucrarse con esta poes\u00eda es crucial por varias razones:<\/p>\n<ul>\n<li><strong>Humanizar a las V\u00edctimas:<\/strong> La poes\u00eda da voz a los individuos que fueron sistem\u00e1ticamente deshumanizados. Permite a los lectores conectar con sus emociones, miedos y peque\u00f1os actos de resistencia o esperanza.<\/li>\n<li><strong>Confrontar la Indiferencia:<\/strong> Muchos poemas desaf\u00edan impl\u00edcita o expl\u00edcitamente la propia potencial indiferencia o complicidad del lector, haci\u00e9ndose eco de temas encontrados en poderosas declaraciones hist\u00f3ricas.<\/li>\n<li><strong>Preservar la Memoria:<\/strong> Estos poemas aseguran que la memoria del Holocausto no se confine a los textos hist\u00f3ricos, sino que permanezca como una experiencia viva y sentida que se transmite de generaci\u00f3n en generaci\u00f3n.<\/li>\n<\/ul>\n<p>Si bien la cita atribuida a Martin Niem\u00f6ller (&#8220;Primero vinieron&#8230;&#8221;) a menudo se menciona en discusiones sobre el Holocausto y la inacci\u00f3n, y a veces se la denomina err\u00f3neamente como un poema, es una declaraci\u00f3n o confesi\u00f3n hist\u00f3rica, no una obra de poes\u00eda en el sentido literario. Transmite poderosamente un mensaje moral, pero difiere en forma, estructura e intenci\u00f3n de las complejas expresiones art\u00edsticas creadas por poetas que lidiaron directamente con la experiencia y las secuelas de la Shoah. El poder de un verdadero poema sobre el Holocausto reside no solo en su mensaje, sino en su uso \u00fanico del lenguaje para forjar significado a partir del caos y belleza a partir de las cenizas. As\u00ed como explorar [obras famosas de Lord Byron] ofrece una visi\u00f3n de la sensibilidad art\u00edstica de una era diferente, adentrarse en la poes\u00eda del Holocausto revela la capacidad del verso para capturar las experiencias humanas m\u00e1s extremas.<\/p>\n<p><img decoding=\"async\" src=\"https:\/\/latrespace.com\/wp-content\/uploads\/2025\/05\/6496052e-1383-4c7a-b28b-28286277ced7.webp\" alt=\"Visitantes de pie frente a una poderosa exhibici\u00f3n mural de la cita de Martin Niem\u00f6ller en el Museo Conmemorativo del Holocausto de Estados Unidos, que representa un mensaje de recuerdo y advertencia.\" width=\"700\" height=\"430\" \/><em class=\"cap-ai\">Visitantes de pie frente a una poderosa exhibici\u00f3n mural de la cita de Martin Niem\u00f6ller en el Museo Conmemorativo del Holocausto de Estados Unidos, que representa un mensaje de recuerdo y advertencia.<\/em><\/p>\n<h2>El Poder Duradero del Recuerdo a Trav\u00e9s del Verso<\/h2>\n<p>La poes\u00eda del Holocausto no es solo un artefacto hist\u00f3rico; es un testimonio vivo del poder del lenguaje y la resiliencia del esp\u00edritu humano. Estos poemas nos desaf\u00edan, nos perturban y, en \u00faltima instancia, nos educan de maneras que las estad\u00edsticas y los relatos hist\u00f3ricos por s\u00ed solos no pueden. Mantienen viva la memoria de los seis millones de jud\u00edos y millones de otros asesinados por los nazis, oblig\u00e1ndonos a confrontar el pasado y considerar nuestras responsabilidades en el presente.<\/p>\n<p>Involucrarse con un poema sobre el Holocausto significa entrar en un di\u00e1logo con la historia, la memoria y la naturaleza misma de la humanidad. Es un acto de respeto por las v\u00edctimas y un compromiso para asegurar que tales horrores nunca sean olvidados o repetidos. Este g\u00e9nero se erige como un marcado contrapunto a los versos centrados en temas m\u00e1s ligeros, record\u00e1ndonos la vasta gama de la experiencia humana que encapsula la poes\u00eda. La profundidad del sentimiento en estos poemas, nacida de los tiempos m\u00e1s oscuros, subraya la incre\u00edble amplitud de la emoci\u00f3n humana que la poes\u00eda puede expresar, desde la desesperaci\u00f3n de los campos hasta la alegr\u00eda encontrada en [poemas adorables para ella].<\/p>\n<p><img decoding=\"async\" src=\"https:\/\/latrespace.com\/wp-content\/uploads\/2025\/05\/55fff801-49a8-4d3f-81c4-a395378c785e.webp\" alt=\"El pastor Martin Niem\u00f6ller fotografiado en su escritorio en Berl\u00edn, circa 1936, antes de su encarcelamiento, una figura conocida posteriormente por su confesi\u00f3n de posguerra sobre la inacci\u00f3n durante la era nazi.\" width=\"702\" height=\"938\" \/><em class=\"cap-ai\">El pastor Martin Niem\u00f6ller fotografiado en su escritorio en Berl\u00edn, circa 1936, antes de su encarcelamiento, una figura conocida posteriormente por su confesi\u00f3n de posguerra sobre la inacci\u00f3n durante la era nazi.<\/em><\/p>\n<h2>Conclusi\u00f3n<\/h2>\n<p>La poes\u00eda proporciona una lente indispensable a trav\u00e9s de la cual ver y comprender el Holocausto. A trav\u00e9s de los poderosos, a menudo desgarradores, versos de poetas como Paul Celan y Nelly Sachs, obtenemos acceso al paisaje emocional y espiritual de aquellos que vivieron o fueron testigos de las atrocidades. Leer un poema sobre el Holocausto es un acto esencial de recuerdo, que nos desaf\u00eda a confrontar el pasado, comprender el costo humano del odio y la indiferencia, y defender la responsabilidad de alzar la voz contra la injusticia dondequiera que la encontremos. Estos poemas se erigen como monumentos perdurables creados a partir de palabras, asegurando que las voces de las v\u00edctimas y sobrevivientes contin\u00faen resonando, record\u00e1ndonos lo que se perdi\u00f3 e inst\u00e1ndonos a nunca olvidar.<\/p>\n<p><strong>Referencias<\/strong><\/p>\n<ul>\n<li>Celan, Paul. &#8220;Death Fugue.&#8221; <em>Selected Poems and Prose of Paul Celan<\/em>, translated by John Felstiner, W. W. Norton &amp; Company, 2001.<\/li>\n<li>Sachs, Nelly. &#8220;Chorus of the Rescued.&#8221; <em>O the Chimneys: Selected Poems, Including the Verse Play, Eli<\/em>, translated by Michael Hamburger et al., Farrar, Straus and Giroux, 1967.<\/li>\n<li>United States Holocaust Memorial Museum. Articles and permanent exhibition materials.<\/li>\n<\/ul>\n","protected":false},"excerpt":{"rendered":"<p>La poes\u00eda posee un poder \u00fanico y profundo para dar testimonio, articular lo inefable y preservar la memoria. El Holocausto, &#8230; <a title=\"El Holocausto en Versos: Poes\u00eda, Memoria y Resiliencia\" class=\"read-more\" href=\"https:\/\/latrespace.com\/es\/el-holocausto-en-versos-poesia-memoria-y-resiliencia\/\" aria-label=\"Leer m\u00e1s sobre El Holocausto en Versos: Poes\u00eda, Memoria y Resiliencia\"> <\/a><\/p>\n","protected":false},"author":1,"featured_media":8379,"comment_status":"closed","ping_status":"closed","sticky":false,"template":"","format":"standard","meta":{"footnotes":""},"categories":[47],"tags":[],"class_list":["post-14224","post","type-post","status-publish","format-standard","has-post-thumbnail","hentry","category-poemas","generate-columns","tablet-grid-50","mobile-grid-100","grid-parent","grid-25"],"lang":"es","translations":{"es":14224,"en":8378,"de":11007,"fr":12578},"_links":{"self":[{"href":"https:\/\/latrespace.com\/es\/wp-json\/wp\/v2\/posts\/14224","targetHints":{"allow":["GET"]}}],"collection":[{"href":"https:\/\/latrespace.com\/es\/wp-json\/wp\/v2\/posts"}],"about":[{"href":"https:\/\/latrespace.com\/es\/wp-json\/wp\/v2\/types\/post"}],"author":[{"embeddable":true,"href":"https:\/\/latrespace.com\/es\/wp-json\/wp\/v2\/users\/1"}],"replies":[{"embeddable":true,"href":"https:\/\/latrespace.com\/es\/wp-json\/wp\/v2\/comments?post=14224"}],"version-history":[{"count":0,"href":"https:\/\/latrespace.com\/es\/wp-json\/wp\/v2\/posts\/14224\/revisions"}],"wp:featuredmedia":[{"embeddable":true,"href":"https:\/\/latrespace.com\/es\/wp-json\/wp\/v2\/media\/8379"}],"wp:attachment":[{"href":"https:\/\/latrespace.com\/es\/wp-json\/wp\/v2\/media?parent=14224"}],"wp:term":[{"taxonomy":"category","embeddable":true,"href":"https:\/\/latrespace.com\/es\/wp-json\/wp\/v2\/categories?post=14224"},{"taxonomy":"post_tag","embeddable":true,"href":"https:\/\/latrespace.com\/es\/wp-json\/wp\/v2\/tags?post=14224"}],"curies":[{"name":"wp","href":"https:\/\/api.w.org\/{rel}","templated":true}]}}