{"id":14314,"date":"2025-05-25T19:26:42","date_gmt":"2025-05-25T19:26:42","guid":{"rendered":"https:\/\/latrespace.com\/poemas-del-dia-de-los-caidos-reflexiones-y-recuerdo\/"},"modified":"2025-05-25T19:26:42","modified_gmt":"2025-05-25T19:26:42","slug":"poemas-del-dia-de-los-caidos-reflexiones-y-recuerdo","status":"publish","type":"post","link":"https:\/\/latrespace.com\/es\/poemas-del-dia-de-los-caidos-reflexiones-y-recuerdo\/","title":{"rendered":"Poemas del D\u00eda de los Ca\u00eddos: Reflexiones y Recuerdo"},"content":{"rendered":"<p>El D\u00eda de los Ca\u00eddos es un tiempo para la reflexi\u00f3n y el recuerdo, un d\u00eda para honrar a los hombres y mujeres que hicieron el sacrificio supremo por su pa\u00eds. Es un d\u00eda para la contemplaci\u00f3n tranquila, para honrar a los ca\u00eddos y para valorar las libertades que lucharon por proteger. Esta colecci\u00f3n de poemas explora las diversas facetas del D\u00eda de los Ca\u00eddos, desde la p\u00e9rdida personal hasta el orgullo nacional, desde la perspectiva inocente de un ni\u00f1o hasta la lucha silenciosa de un veterano. Estos poemas ofrecen un conmovedor recordatorio del verdadero significado de este d\u00eda, entrelazando temas de sacrificio, resiliencia y el esp\u00edritu humano perdurable.<\/p>\n<p><img decoding=\"async\" src=\"https:\/\/latrespace.com\/wp-content\/uploads\/2025\/05\/memorial-day-poems.webp\" alt=\"Imagen que representa la reflexi\u00f3n y el recuerdo del D\u00eda de los Ca\u00eddos\" width=\"300\" height=\"450\" \/><em class=\"cap-ai\">Imagen que representa la reflexi\u00f3n y el recuerdo del D\u00eda de los Ca\u00eddos<\/em><\/p>\n<h2>Recordando a los Ca\u00eddos: Poemas de Duelo y Gratitud<\/h2>\n<p>El D\u00eda de los Ca\u00eddos es un d\u00eda de emociones complejas. Es un tiempo para lamentar a los perdidos, pero tambi\u00e9n un tiempo para expresar gratitud por su valent\u00eda y sacrificio. Estos poemas exploran el delicado equilibrio entre la tristeza y la apreciaci\u00f3n.<\/p>\n<h3>Toque de Corneta al Atardecer: El Recuerdo de una Viuda<\/h3>\n<p>Este poema ofrece una mirada profundamente personal al coraz\u00f3n de una viuda afligida. La imaginer\u00eda del atardecer y el sonido del toque de corneta evocan una sensaci\u00f3n de p\u00e9rdida y anhelo profundos.<\/p>\n<blockquote>\n<p>En el silencio del abrazo del crep\u00fasculo, bajo un cielo sonrojado con luz menguante,<br \/>\nAll\u00ed, entre los vientos susurrantes, siento tu presencia, audaz y brillante.<br \/>\nEl toque de corneta resuena en el aire solemne, una melod\u00eda de honor, p\u00e9rdida y amor,<br \/>\nUna canci\u00f3n sagrada para ti, mi querido, ahora vigilando desde lo alto. &#8230;<\/p>\n<\/blockquote>\n<h3>La Silla Vac\u00eda en Nuestra Mesa: La P\u00e9rdida de una Familia<\/h3>\n<p>Este poema acr\u00f3stico captura la emoci\u00f3n cruda de una familia lidiando con la ausencia de un ser querido. La silla vac\u00eda simboliza el vac\u00edo dejado atr\u00e1s, un recordatorio constante del sacrificio realizado.<\/p>\n<blockquote>\n<p><strong>E<\/strong>l crep\u00fasculo abraza el horizonte, un suave recordatorio de tu ausencia,<br \/>\n<strong>L<\/strong>a casa se siente m\u00e1s silenciosa, incluso en medio del bullicio de la vida diaria.<br \/>\n<strong>C<\/strong>ada hora de comida susurra tu nombre, resonando en el espacio vac\u00edo. &#8230;<\/p>\n<\/blockquote>\n<h2>Honrando a los Valientes: Poemas de Coraje y Sacrificio<\/h2>\n<p>Estos poemas cambian el enfoque del duelo personal a una reflexi\u00f3n m\u00e1s amplia sobre el coraje y el sacrificio de todos los que han servido. Celebran la resiliencia del esp\u00edritu humano y el legado perdurable de aquellos que lucharon por la libertad.<\/p>\n<h3>Debajo del Rojo, Blanco y Azul: La Batalla Silenciosa de un Veterano<\/h3>\n<p>Este poema profundiza en la agitaci\u00f3n interior de un veterano que lucha con las heridas invisibles de la guerra. Es un recordatorio poderoso de que las batallas libradas en el campo de batalla a menudo contin\u00faan mucho despu\u00e9s de que las armas han callado.<\/p>\n<blockquote>\n<p>Bajo el estandarte de los valientes y libres,<br \/>\nEn sombras profundas, donde batallas silenciosas rugen,<br \/>\nAll\u00ed yace un alma que luch\u00f3 por ti y por m\u00ed,<br \/>\nAhora atrapada dentro de una jaula de guerra sin fin. &#8230;<\/p>\n<\/blockquote>\n<h3>Campos de Valor, Campos de Dolor: La Perspectiva de un Ni\u00f1o<\/h3>\n<p>A trav\u00e9s de los ojos inocentes de un ni\u00f1o, este poema explora las complejidades del D\u00eda de los Ca\u00eddos. Las preguntas y observaciones del ni\u00f1o ofrecen un conmovedor recordatorio de la importancia de transmitir las historias de los ca\u00eddos a las futuras generaciones.<\/p>\n<p><img decoding=\"async\" src=\"https:\/\/latrespace.com\/wp-content\/uploads\/2025\/05\/memorial-day-poems.webp\" alt=\"Imagen que representa la reflexi\u00f3n y el recuerdo del D\u00eda de los Ca\u00eddos\" width=\"300\" height=\"450\" \/><em class=\"cap-ai\">Imagen que representa la reflexi\u00f3n y el recuerdo del D\u00eda de los Ca\u00eddos<\/em><\/p>\n<blockquote>\n<p>En campos donde las flores alcanzan el cielo,<br \/>\nY los susurros hablan de d\u00edas pasados,<br \/>\nYo vago con un ojo curioso,<br \/>\nA trav\u00e9s de cuentos de valor, cuentos de suspiro. &#8230;<\/p>\n<\/blockquote>\n<h2>La Gratitud de una Naci\u00f3n: Poemas de Reflexi\u00f3n y Esperanza<\/h2>\n<p>Estos poemas finales ampl\u00edan a\u00fan m\u00e1s el alcance, reflexionando sobre la importancia nacional del D\u00eda de los Ca\u00eddos y la importancia de valorar las libertades por las que tantos han luchado.<\/p>\n<h3>Ecos de Libertad: La Gratitud de un Inmigrante<\/h3>\n<p>Este poema ofrece una perspectiva \u00fanica sobre el D\u00eda de los Ca\u00eddos, expresando la gratitud de un inmigrante por los sacrificios hechos para proteger las libertades que ahora disfrutan.<\/p>\n<blockquote>\n<p>En tierras lejanas, donde los sue\u00f1os fueron sembrados bajo estrellas extranjeras,<br \/>\nMi coraz\u00f3n, susurraba sobre un lugar donde los ecos de la libertad est\u00e1n.<br \/>\nUn viaje cargado de esperanzas y miedos, a costas tan vastas y amplias,<br \/>\nDonde la luz de la libertad, arde tan brillante, una marea gu\u00eda y firme. &#8230;<\/p>\n<\/blockquote>\n<h3>M\u00e1s All\u00e1 del Desfile: Iluminando el Camino para Corazones Pac\u00edficos<\/h3>\n<p>Este poema nos anima a mirar m\u00e1s all\u00e1 de los desfiles y ceremonias hacia el significado m\u00e1s profundo del D\u00eda de los Ca\u00eddos. Es un llamado a la acci\u00f3n, inst\u00e1ndonos a honrar a los ca\u00eddos trabajando por un futuro m\u00e1s pac\u00edfico.<\/p>\n<blockquote>\n<p>M\u00e1s all\u00e1 de la fanfarria, m\u00e1s all\u00e1 de las serpentinas que danzan en el viento, y la m\u00fasica que marcha por las calles en audaces y estridentes exclamaciones de libertad, yace un lugar m\u00e1s tranquilo. &#8230;<\/p>\n<\/blockquote>\n<h2>Un Tributo Duradero<\/h2>\n<p>Estos poemas ofrecen una colecci\u00f3n diversa y conmovedora de reflexiones sobre el D\u00eda de los Ca\u00eddos. Nos recuerdan la importancia de recordar a los ca\u00eddos, honrar su sacrificio y valorar las libertades por las que lucharon para proteger. Que estas palabras nos inspiren a llevar adelante su legado, trabajando por un futuro donde la paz y la libertad prevalezcan.<\/p>\n","protected":false},"excerpt":{"rendered":"<p>El D\u00eda de los Ca\u00eddos es un tiempo para la reflexi\u00f3n y el recuerdo, un d\u00eda para honrar a los &#8230; <a title=\"Poemas del D\u00eda de los Ca\u00eddos: Reflexiones y Recuerdo\" class=\"read-more\" href=\"https:\/\/latrespace.com\/es\/poemas-del-dia-de-los-caidos-reflexiones-y-recuerdo\/\" aria-label=\"Leer m\u00e1s sobre Poemas del D\u00eda de los Ca\u00eddos: Reflexiones y Recuerdo\"> <\/a><\/p>\n","protected":false},"author":1,"featured_media":3370,"comment_status":"closed","ping_status":"closed","sticky":false,"template":"","format":"standard","meta":{"footnotes":""},"categories":[47],"tags":[],"class_list":["post-14314","post","type-post","status-publish","format-standard","has-post-thumbnail","hentry","category-poemas","generate-columns","tablet-grid-50","mobile-grid-100","grid-parent","grid-25"],"lang":"es","translations":{"es":14314,"en":3369,"de":4528,"fr":15201},"_links":{"self":[{"href":"https:\/\/latrespace.com\/es\/wp-json\/wp\/v2\/posts\/14314","targetHints":{"allow":["GET"]}}],"collection":[{"href":"https:\/\/latrespace.com\/es\/wp-json\/wp\/v2\/posts"}],"about":[{"href":"https:\/\/latrespace.com\/es\/wp-json\/wp\/v2\/types\/post"}],"author":[{"embeddable":true,"href":"https:\/\/latrespace.com\/es\/wp-json\/wp\/v2\/users\/1"}],"replies":[{"embeddable":true,"href":"https:\/\/latrespace.com\/es\/wp-json\/wp\/v2\/comments?post=14314"}],"version-history":[{"count":0,"href":"https:\/\/latrespace.com\/es\/wp-json\/wp\/v2\/posts\/14314\/revisions"}],"wp:featuredmedia":[{"embeddable":true,"href":"https:\/\/latrespace.com\/es\/wp-json\/wp\/v2\/media\/3370"}],"wp:attachment":[{"href":"https:\/\/latrespace.com\/es\/wp-json\/wp\/v2\/media?parent=14314"}],"wp:term":[{"taxonomy":"category","embeddable":true,"href":"https:\/\/latrespace.com\/es\/wp-json\/wp\/v2\/categories?post=14314"},{"taxonomy":"post_tag","embeddable":true,"href":"https:\/\/latrespace.com\/es\/wp-json\/wp\/v2\/tags?post=14314"}],"curies":[{"name":"wp","href":"https:\/\/api.w.org\/{rel}","templated":true}]}}