{"id":3998,"date":"2025-05-03T17:08:30","date_gmt":"2025-05-03T17:08:30","guid":{"rendered":"https:\/\/latrespace.com\/michael-r-burch-y-la-sociedad-de-poetas-clasicos-un-choque-ideologico\/"},"modified":"2025-05-03T17:08:30","modified_gmt":"2025-05-03T17:08:30","slug":"michael-r-burch-y-la-sociedad-de-poetas-clasicos-un-choque-ideologico","status":"publish","type":"post","link":"https:\/\/latrespace.com\/es\/michael-r-burch-y-la-sociedad-de-poetas-clasicos-un-choque-ideologico\/","title":{"rendered":"Michael R. Burch y la Sociedad de Poetas Cl\u00e1sicos: Un Choque Ideol\u00f3gico"},"content":{"rendered":"<p>Este art\u00edculo explora la tensi\u00f3n entre Michael R. Burch y la Sociedad de Poetas Cl\u00e1sicos (SPC), examinando las motivaciones e implicaciones de sus desacuerdos p\u00fablicos. Profundizamos en las acusaciones de envidia, choques pol\u00edticos y animosidad personal que alimentan este conflicto, analizando el contexto de la poes\u00eda contempor\u00e1nea y el discurso pol\u00edtico.<\/p>\n<h2>El Origen de la Ruptura<\/h2>\n<p>Joseph S. Salemi, un destacado colaborador de la SPC, argumenta que las cr\u00edticas de Burch provienen de tres fuentes principales: envidia del \u00e9xito de la SPC, oposici\u00f3n a sus puntos de vista conservadores y animosidad personal hacia el propio Salemi. Estas acusaciones pintan un cuadro de un conflicto ideol\u00f3gico y personal profundamente arraigado que va m\u00e1s all\u00e1 de meros desacuerdos est\u00e9ticos.<\/p>\n<p>Salemi destaca la creciente popularidad de la SPC y su plataforma abierta para diversas voces po\u00e9ticas, contrast\u00e1ndola con lo que percibe como el sesgo izquierdista de la comunidad po\u00e9tica en general. Sugiere que los ataques de Burch est\u00e1n motivados por un deseo de mantener el dominio dentro de esta comunidad y suprimir las voces disidentes.<\/p>\n<h2>Corrientes Pol\u00edticas Subyacentes<\/h2>\n<p>El conflicto entre Burch y la SPC tambi\u00e9n se extiende al \u00e1mbito pol\u00edtico. Salemi se\u00f1ala la postura de Burch sobre el conflicto israel\u00ed-palestino, notando su relativo silencio durante per\u00edodos de mayor tensi\u00f3n. Sugiere que los c\u00e1lculos pol\u00edticos de Burch, particularmente su preocupaci\u00f3n por el impacto en el Partido Dem\u00f3crata, influyen en sus declaraciones p\u00fablicas. Esta interrelaci\u00f3n entre posturas po\u00e9ticas y pol\u00edticas destaca las complejidades del panorama cultural.<\/p>\n<p>Salemi critica adem\u00e1s la invocaci\u00f3n del Holocausto por parte de Burch en defensa de sus puntos de vista pro-palestinos, argumentando que constituye una forma de se\u00f1alizaci\u00f3n de virtud en lugar de una genuina comprensi\u00f3n de las complejidades del conflicto. Esto plantea interrogantes sobre el uso apropiado de tragedias hist\u00f3ricas en los debates pol\u00edticos contempor\u00e1neos.<\/p>\n<h2>\u00bfVenganza Personal?<\/h2>\n<p>La dimensi\u00f3n personal del conflicto tambi\u00e9n se pone en primer plano. Salemi detalla interacciones pasadas con Burch, incluyendo una entrevista pol\u00e9mica e intercambios en l\u00ednea posteriores, present\u00e1ndolos como evidencia de la mala fe y el comportamiento enga\u00f1oso de Burch. Alega que Burch recurre a &#8220;c\u00edrculos de ataque&#8221; y cr\u00edticas minuciosas para desacreditar a sus oponentes, lo que aumenta a\u00fan m\u00e1s la animosidad personal.<\/p>\n<h2>Censura y Libertad de Expresi\u00f3n<\/h2>\n<p>El tema de la censura tambi\u00e9n juega un papel importante en la narrativa. Burch afirma que est\u00e1 siendo censurado al ser vetado de la plataforma de la SPC, mientras que Salemi responde que la expulsi\u00f3n de Burch fue consecuencia de su comportamiento disruptivo en l\u00ednea, incluyendo la publicaci\u00f3n de comentarios excesivamente largos e incoherentes. Esto resalta la tensi\u00f3n entre la libertad de expresi\u00f3n y el mantenimiento de un discurso en l\u00ednea productivo.<\/p>\n<h2>Conclusi\u00f3n: Un Conflicto M\u00e1s Amplio<\/h2>\n<p>El conflicto entre Michael R. Burch y la Sociedad de Poetas Cl\u00e1sicos representa un microcosmos de divisiones culturales y pol\u00edticas m\u00e1s amplias. Refleja la lucha continua entre ideolog\u00edas opuestas dentro de la comunidad po\u00e9tica y la polarizaci\u00f3n social que configura el discurso contempor\u00e1neo. Queda por ver si este conflicto puede resolverse, pero sus implicaciones se extienden mucho m\u00e1s all\u00e1 de los individuos involucrados, abordando cuestiones fundamentales sobre la libertad art\u00edstica, la expresi\u00f3n pol\u00edtica y la naturaleza de la participaci\u00f3n en l\u00ednea. Invita a la reflexi\u00f3n sobre la intersecci\u00f3n de la poes\u00eda, la pol\u00edtica y la animosidad personal en la era digital.<\/p>\n","protected":false},"excerpt":{"rendered":"<p>Este art\u00edculo explora la tensi\u00f3n entre Michael R. Burch y la Sociedad de Poetas Cl\u00e1sicos (SPC), examinando las motivaciones e &#8230; <a title=\"Michael R. Burch y la Sociedad de Poetas Cl\u00e1sicos: Un Choque Ideol\u00f3gico\" class=\"read-more\" href=\"https:\/\/latrespace.com\/es\/michael-r-burch-y-la-sociedad-de-poetas-clasicos-un-choque-ideologico\/\" aria-label=\"Leer m\u00e1s sobre Michael R. Burch y la Sociedad de Poetas Cl\u00e1sicos: Un Choque Ideol\u00f3gico\"> <\/a><\/p>\n","protected":false},"author":1,"featured_media":0,"comment_status":"closed","ping_status":"closed","sticky":false,"template":"","format":"standard","meta":{"footnotes":""},"categories":[43],"tags":[],"class_list":["post-3998","post","type-post","status-publish","format-standard","hentry","category-poemas-favoritos","generate-columns","tablet-grid-50","mobile-grid-100","grid-parent","grid-25"],"lang":"es","translations":{"es":3998,"en":835,"de":4724,"fr":11679},"_links":{"self":[{"href":"https:\/\/latrespace.com\/es\/wp-json\/wp\/v2\/posts\/3998","targetHints":{"allow":["GET"]}}],"collection":[{"href":"https:\/\/latrespace.com\/es\/wp-json\/wp\/v2\/posts"}],"about":[{"href":"https:\/\/latrespace.com\/es\/wp-json\/wp\/v2\/types\/post"}],"author":[{"embeddable":true,"href":"https:\/\/latrespace.com\/es\/wp-json\/wp\/v2\/users\/1"}],"replies":[{"embeddable":true,"href":"https:\/\/latrespace.com\/es\/wp-json\/wp\/v2\/comments?post=3998"}],"version-history":[{"count":0,"href":"https:\/\/latrespace.com\/es\/wp-json\/wp\/v2\/posts\/3998\/revisions"}],"wp:attachment":[{"href":"https:\/\/latrespace.com\/es\/wp-json\/wp\/v2\/media?parent=3998"}],"wp:term":[{"taxonomy":"category","embeddable":true,"href":"https:\/\/latrespace.com\/es\/wp-json\/wp\/v2\/categories?post=3998"},{"taxonomy":"post_tag","embeddable":true,"href":"https:\/\/latrespace.com\/es\/wp-json\/wp\/v2\/tags?post=3998"}],"curies":[{"name":"wp","href":"https:\/\/api.w.org\/{rel}","templated":true}]}}