{"id":4426,"date":"2025-05-04T05:05:34","date_gmt":"2025-05-04T05:05:34","guid":{"rendered":"https:\/\/latrespace.com\/el-eco-de-babel-orgullo-y-division-linguistica\/"},"modified":"2025-05-04T05:05:34","modified_gmt":"2025-05-04T05:05:34","slug":"el-eco-de-babel-orgullo-y-division-linguistica","status":"publish","type":"post","link":"https:\/\/latrespace.com\/es\/el-eco-de-babel-orgullo-y-division-linguistica\/","title":{"rendered":"El Eco de Babel: Orgullo y Divisi\u00f3n Ling\u00fc\u00edstica"},"content":{"rendered":"<p>Este art\u00edculo explora el poema &#8220;Babel&#8221; de Jeffrey Essmann, profundizando en su representaci\u00f3n de la divisi\u00f3n ling\u00fc\u00edstica y la naturaleza perdurable de la ambici\u00f3n humana. El poema reimagina la historia b\u00edblica de la Torre de Babel, ofreciendo una conmovedora reflexi\u00f3n sobre las consecuencias del orgullo y el persistente deseo humano de alcanzar lo divino.<\/p>\n<h2>La Unidad Original y la Aspiraci\u00f3n de la Torre<\/h2>\n<p>El poema de Essmann comienza con una descripci\u00f3n de una \u00e9poca en la que la humanidad compart\u00eda un solo idioma, un estado de comprensi\u00f3n unificada donde &#8220;el lenguaje se pavoneaba \/ con pensamientos esponjados&#8221;. Esta armon\u00eda inicial subraya la posterior fragmentaci\u00f3n causada por la construcci\u00f3n de la torre. La torre, destinada a &#8220;tocar las nubes&#8221; y &#8220;alcanzar la puerta del cielo&#8221;, simboliza la ambici\u00f3n humana y el deseo de trascender las limitaciones terrenales. Esta ambici\u00f3n, alimentada por el orgullo, finalmente conduce a la intervenci\u00f3n divina.<\/p>\n<h2>Intervenci\u00f3n Divina y el Nacimiento de las Lenguas<\/h2>\n<p>Dios, al observar el ascenso de la torre, la percibe como una manifestaci\u00f3n del orgullo humano desenfrenado. Sin embargo, en lugar de una destrucci\u00f3n total, Dios elige un castigo m\u00e1s sutil: la dispersi\u00f3n de las lenguas. &#8220;En variados idiomas se ahogar\u00e1n \/ Y luchar\u00e1n por expresar su menor vanidad&#8221;, decreta Dios. Este acto de diversificaci\u00f3n ling\u00fc\u00edstica sirve como una barrera para la colaboraci\u00f3n humana y un humilde recordatorio de las limitaciones humanas. El lenguaje que una vez compartieron se divide en &#8220;diferentes familias [y] tonos discretos&#8221;, cortando la f\u00e1cil comunicaci\u00f3n que una vez uni\u00f3 a la humanidad.<\/p>\n<h2>El Legado Persistente de Babel<\/h2>\n<p>Essmann luego conecta la historia antigua con el presente, destacando la continua lucha con la comunicaci\u00f3n: &#8220;Nuestro lenguaje ahora est\u00e1 cada vez m\u00e1s confundido&#8221;. Incluso dentro de un solo idioma, el significado puede volverse esquivo, dificultando la verdadera comprensi\u00f3n. A pesar de las consecuencias de su ambici\u00f3n, el esfuerzo ascendente de la humanidad persiste. El poema concluye con una observaci\u00f3n agridulce: Dios puede haber &#8220;drenado&#8221; nuestras aspiraciones iniciales, pero el deseo de alcanzar algo m\u00e1s alto permanece. &#8220;Todo orgullo deshecho \/ Y con los ojos fijos en el cielo, balbuceamos&#8221;. Esta imagen final captura el esp\u00edritu humano perdurable, que siempre busca la conexi\u00f3n y la trascendencia, a pesar de las barreras ling\u00fc\u00edsticas que nos dividen.<\/p>\n<h2>El Mensaje Imperecedero de &#8220;Babel&#8221;<\/h2>\n<p>&#8220;Babel&#8221; sirve como un poderoso recordatorio de las complejidades de la comunicaci\u00f3n y la naturaleza perdurable de la ambici\u00f3n humana. Si bien la torre puede simbolizar una b\u00fasqueda equivocada de lo divino, el poema finalmente sugiere que el impulso humano de alcanzar algo m\u00e1s grande, incluso frente a las limitaciones, es una parte intr\u00ednseca de la condici\u00f3n humana. El h\u00e1bil uso de im\u00e1genes y lenguaje de Essmann crea una narrativa que resuena con el lector mucho despu\u00e9s de la l\u00ednea final. Anima a la reflexi\u00f3n sobre nuestros propios intentos de conectar, comunicar y comprender, destacando las formas sutiles en que el legado de Babel contin\u00faa moldeando nuestro mundo.<\/p>\n","protected":false},"excerpt":{"rendered":"<p>Este art\u00edculo explora el poema &#8220;Babel&#8221; de Jeffrey Essmann, profundizando en su representaci\u00f3n de la divisi\u00f3n ling\u00fc\u00edstica y la naturaleza &#8230; <a title=\"El Eco de Babel: Orgullo y Divisi\u00f3n Ling\u00fc\u00edstica\" class=\"read-more\" href=\"https:\/\/latrespace.com\/es\/el-eco-de-babel-orgullo-y-division-linguistica\/\" aria-label=\"Leer m\u00e1s sobre El Eco de Babel: Orgullo y Divisi\u00f3n Ling\u00fc\u00edstica\"> <\/a><\/p>\n","protected":false},"author":1,"featured_media":0,"comment_status":"closed","ping_status":"closed","sticky":false,"template":"","format":"standard","meta":{"footnotes":""},"categories":[43],"tags":[],"class_list":["post-4426","post","type-post","status-publish","format-standard","hentry","category-poemas-favoritos","generate-columns","tablet-grid-50","mobile-grid-100","grid-parent","grid-25"],"lang":"es","translations":{"es":4426,"en":1607,"fr":4474,"de":5591},"_links":{"self":[{"href":"https:\/\/latrespace.com\/es\/wp-json\/wp\/v2\/posts\/4426","targetHints":{"allow":["GET"]}}],"collection":[{"href":"https:\/\/latrespace.com\/es\/wp-json\/wp\/v2\/posts"}],"about":[{"href":"https:\/\/latrespace.com\/es\/wp-json\/wp\/v2\/types\/post"}],"author":[{"embeddable":true,"href":"https:\/\/latrespace.com\/es\/wp-json\/wp\/v2\/users\/1"}],"replies":[{"embeddable":true,"href":"https:\/\/latrespace.com\/es\/wp-json\/wp\/v2\/comments?post=4426"}],"version-history":[{"count":0,"href":"https:\/\/latrespace.com\/es\/wp-json\/wp\/v2\/posts\/4426\/revisions"}],"wp:attachment":[{"href":"https:\/\/latrespace.com\/es\/wp-json\/wp\/v2\/media?parent=4426"}],"wp:term":[{"taxonomy":"category","embeddable":true,"href":"https:\/\/latrespace.com\/es\/wp-json\/wp\/v2\/categories?post=4426"},{"taxonomy":"post_tag","embeddable":true,"href":"https:\/\/latrespace.com\/es\/wp-json\/wp\/v2\/tags?post=4426"}],"curies":[{"name":"wp","href":"https:\/\/api.w.org\/{rel}","templated":true}]}}