{"id":4858,"date":"2025-05-05T04:54:33","date_gmt":"2025-05-05T04:54:33","guid":{"rendered":"https:\/\/latrespace.com\/la-amapola-y-el-dia-de-los-veteranos-en-los-campos-de-flandes\/"},"modified":"2025-05-05T04:54:33","modified_gmt":"2025-05-05T04:54:33","slug":"la-amapola-y-el-dia-de-los-veteranos-en-los-campos-de-flandes","status":"publish","type":"post","link":"https:\/\/latrespace.com\/es\/la-amapola-y-el-dia-de-los-veteranos-en-los-campos-de-flandes\/","title":{"rendered":"La Amapola y el D\u00eda de los Veteranos: &#8220;En los Campos de Flandes&#8221;"},"content":{"rendered":"<p>La vibrante amapola roja, una flor aparentemente simple, posee un profundo significado simb\u00f3lico, especialmente en el D\u00eda de los Veteranos. Sirve como un conmovedor recordatorio de los sacrificios hechos por aquellos que sirvieron en la guerra, particularmente en la Primera Guerra Mundial. Esta asociaci\u00f3n se debe en gran parte al ic\u00f3nico poema &#8220;En los Campos de Flandes&#8221; del teniente coronel canadiense John McCrae. Este art\u00edculo explora los or\u00edgenes del poema, su impacto y el legado perdurable de la amapola como s\u00edmbolo de la memoria.<\/p>\n<p>La amapola, espec\u00edficamente la <em>Papaver rhoeas<\/em> o amapola com\u00fan, prospera en suelos alterados. Durante la Primera Guerra Mundial, los campos de batalla de Europa, destrozados por la guerra de trincheras y los bombardeos, proporcionaron las condiciones perfectas para que estas resistentes flores florecieran. En medio de la devastaci\u00f3n y la muerte, las vibrantes amapolas rojas ofrec\u00edan un marcado contraste, un s\u00edmbolo de la vida que surge de la destrucci\u00f3n.<\/p>\n<p><img decoding=\"async\" src=\"https:\/\/latrespace.com\/wp-content\/uploads\/2025\/05\/a-field-of-red-poppies-in-bloom-symbolizing-remembrance-and-hope.webp\" alt=\"Campo de amapolas rojas en flor, s\u00edmbolo de recuerdo y esperanza.\" width=\"500\" height=\"375\" \/><em class=\"cap-ai\">Campo de amapolas rojas en flor, s\u00edmbolo de recuerdo y esperanza.<\/em><\/p>\n<h2>El Nacimiento de &#8220;En los Campos de Flandes&#8221;<\/h2>\n<p>El origen del poema es profundamente personal. John McCrae, un m\u00e9dico canadiense que sirvi\u00f3 en la Primera Guerra Mundial, se vio profundamente afectado por la muerte de su amigo y exalumno, el teniente Alexis Helmer, en la Segunda Batalla de Ypres. Presenciar las filas y filas de cruces que marcaban las tumbas de los soldados ca\u00eddos, y las amapolas que florec\u00edan entre ellas, inspir\u00f3 a McCrae a escribir el ahora famoso poema.<\/p>\n<p><img decoding=\"async\" src=\"https:\/\/latrespace.com\/wp-content\/uploads\/2025\/05\/portrait-of-lieutenant-colonel-john-mccrae-author-of-in-flanders-fields.webp\" alt=\"Retrato del teniente coronel John McCrae, autor de &quot;En los Campos de Flandes&quot;.\" width=\"220\" height=\"290\" \/><em class=\"cap-ai\">Retrato del teniente coronel John McCrae, autor de &quot;En los Campos de Flandes&quot;.<\/em><\/p>\n<p>Inicialmente, McCrae descart\u00f3 el poema, pero un compa\u00f1ero oficial lo recuper\u00f3 y lo envi\u00f3 para su publicaci\u00f3n. &#8220;En los Campos de Flandes&#8221; apareci\u00f3 por primera vez en la revista Punch en diciembre de 1915, ganando r\u00e1pidamente un amplio reconocimiento y resonando profundamente con las personas afectadas por la guerra.<\/p>\n<h2>El Poder Perdurable del Poema<\/h2>\n<p>&#8220;En los Campos de Flandes&#8221; es m\u00e1s que una simple descripci\u00f3n del paisaje del campo de batalla. Es un poderoso llamado a la acci\u00f3n, una s\u00faplica de los ca\u00eddos a los vivos para que contin\u00faen la lucha por la libertad y honren su sacrificio. Los versos finales del poema, &#8220;Si rompen la fe con nosotros, los que morimos \/ No dormiremos, aunque crezcan amapolas \/ En los campos de Flandes&#8221;, tienen un profundo peso emocional, instando a las generaciones futuras a recordar y defender los valores por los que lucharon.<\/p>\n<h2>La Amapola como S\u00edmbolo de Recuerdo<\/h2>\n<p>El impacto del poema se extendi\u00f3 m\u00e1s all\u00e1 de su m\u00e9rito literario. En 1918, inspirada por el poema, la trabajadora estadounidense de la YWCA, Moina Michael, prometi\u00f3 llevar siempre una amapola roja en memoria de los soldados ca\u00eddos. Este simple acto desencaden\u00f3 un movimiento, y la amapola se convirti\u00f3 r\u00e1pidamente en un s\u00edmbolo ampliamente reconocido del D\u00eda de los Veteranos, particularmente en los pa\u00edses de la Commonwealth.<\/p>\n<p><img decoding=\"async\" src=\"https:\/\/latrespace.com\/wp-content\/uploads\/2025\/05\/image-of-a-stamp-featuring-moina-michael-who-popularized-the-poppy-as-a-symbol-of-remembrance.webp\" alt=\"Estampilla con la imagen de Moina Michael, quien populariz\u00f3 la amapola como s\u00edmbolo del recuerdo.\" width=\"428\" height=\"280\" \/><em class=\"cap-ai\">Estampilla con la imagen de Moina Michael, quien populariz\u00f3 la amapola como s\u00edmbolo del recuerdo.<\/em><\/p>\n<p>Hoy en d\u00eda, la tradici\u00f3n de usar amapolas en el D\u00eda de los Veteranos contin\u00faa, sirviendo como un recordatorio visual de los sacrificios realizados y el legado perdurable de aquellos que sirvieron. Los fondos recaudados con la venta de estas amapolas de papel a menudo apoyan a organizaciones y asociaciones ben\u00e9ficas de veteranos.<\/p>\n<h2>El Legado de las Palabras y el Recuerdo<\/h2>\n<p>&#8220;En los Campos de Flandes&#8221; y la amapola simbolizan el poder de las palabras y los s\u00edmbolos para trascender el tiempo y conectarnos con el pasado. Ofrecen una forma tangible de expresar gratitud y honrar la memoria de aquellos que lucharon por nuestras libertades. El simple acto de usar una amapola es una poderosa declaraci\u00f3n de recuerdo, asegurando que los sacrificios de los veteranos nunca se olviden.<\/p>\n<p><img decoding=\"async\" src=\"https:\/\/latrespace.com\/wp-content\/uploads\/2025\/05\/image-with-the-quote-we-shall-not-sleep-highlighting-the-enduring-legacy-of-remembrance.webp\" alt=\"Imagen con la cita &quot;No dormiremos&quot;, destacando el legado perdurable del recuerdo.\" width=\"250\" height=\"357\" \/><em class=\"cap-ai\">Imagen con la cita &quot;No dormiremos&quot;, destacando el legado perdurable del recuerdo.<\/em><\/p>\n<p>La amapola roja sirve como un potente recordatorio visual, un s\u00edmbolo de esperanza y resiliencia nacido de las cenizas de la guerra, entrelazado para siempre con la memoria de aquellos que sirvieron en los campos de Flandes y m\u00e1s all\u00e1.<\/p>\n","protected":false},"excerpt":{"rendered":"<p>La vibrante amapola roja, una flor aparentemente simple, posee un profundo significado simb\u00f3lico, especialmente en el D\u00eda de los Veteranos. &#8230; <a title=\"La Amapola y el D\u00eda de los Veteranos: &#8220;En los Campos de Flandes&#8221;\" class=\"read-more\" href=\"https:\/\/latrespace.com\/es\/la-amapola-y-el-dia-de-los-veteranos-en-los-campos-de-flandes\/\" aria-label=\"Leer m\u00e1s sobre La Amapola y el D\u00eda de los Veteranos: &#8220;En los Campos de Flandes&#8221;\"> <\/a><\/p>\n","protected":false},"author":1,"featured_media":3470,"comment_status":"closed","ping_status":"closed","sticky":false,"template":"","format":"standard","meta":{"footnotes":""},"categories":[47],"tags":[],"class_list":["post-4858","post","type-post","status-publish","format-standard","has-post-thumbnail","hentry","category-poemas","generate-columns","tablet-grid-50","mobile-grid-100","grid-parent","grid-25"],"lang":"es","translations":{"es":4858,"en":3469,"fr":5711,"de":6155},"_links":{"self":[{"href":"https:\/\/latrespace.com\/es\/wp-json\/wp\/v2\/posts\/4858","targetHints":{"allow":["GET"]}}],"collection":[{"href":"https:\/\/latrespace.com\/es\/wp-json\/wp\/v2\/posts"}],"about":[{"href":"https:\/\/latrespace.com\/es\/wp-json\/wp\/v2\/types\/post"}],"author":[{"embeddable":true,"href":"https:\/\/latrespace.com\/es\/wp-json\/wp\/v2\/users\/1"}],"replies":[{"embeddable":true,"href":"https:\/\/latrespace.com\/es\/wp-json\/wp\/v2\/comments?post=4858"}],"version-history":[{"count":0,"href":"https:\/\/latrespace.com\/es\/wp-json\/wp\/v2\/posts\/4858\/revisions"}],"wp:featuredmedia":[{"embeddable":true,"href":"https:\/\/latrespace.com\/es\/wp-json\/wp\/v2\/media\/3470"}],"wp:attachment":[{"href":"https:\/\/latrespace.com\/es\/wp-json\/wp\/v2\/media?parent=4858"}],"wp:term":[{"taxonomy":"category","embeddable":true,"href":"https:\/\/latrespace.com\/es\/wp-json\/wp\/v2\/categories?post=4858"},{"taxonomy":"post_tag","embeddable":true,"href":"https:\/\/latrespace.com\/es\/wp-json\/wp\/v2\/tags?post=4858"}],"curies":[{"name":"wp","href":"https:\/\/api.w.org\/{rel}","templated":true}]}}