{"id":4945,"date":"2025-05-05T05:54:50","date_gmt":"2025-05-05T05:54:50","guid":{"rendered":"https:\/\/latrespace.com\/el-papa-silvestre-ii-un-erudito-en-el-trono-papal\/"},"modified":"2025-05-05T05:54:50","modified_gmt":"2025-05-05T05:54:50","slug":"el-papa-silvestre-ii-un-erudito-en-el-trono-papal","status":"publish","type":"post","link":"https:\/\/latrespace.com\/es\/el-papa-silvestre-ii-un-erudito-en-el-trono-papal\/","title":{"rendered":"El Papa Silvestre II: Un Erudito en el Trono Papal"},"content":{"rendered":"<p>El Papa Silvestre II, nacido como Gerberto de Aurillac alrededor del a\u00f1o 945, se erige como una figura \u00fanica en la historia papal. Su vida, marcada por la brillantez intelectual, el pensamiento innovador y la perspicacia pol\u00edtica, lo llev\u00f3 desde humildes comienzos a convertirse en el primer papa franc\u00e9s. Este art\u00edculo explora la fascinante trayectoria del Papa Silvestre II, desde sus primeras b\u00fasquedas acad\u00e9micas hasta su influyente papel en la iglesia y el Sacro Imperio Romano Germ\u00e1nico.<\/p>\n<h2>De Auvernia al Trono Papal: El Ascenso de Gerberto<\/h2>\n<p>El viaje intelectual de Gerberto comenz\u00f3 en los monasterios de Auvernia, Francia, donde recibi\u00f3 una educaci\u00f3n fundamental en gram\u00e1tica, aritm\u00e9tica y m\u00fasica. Su sed de conocimiento lo llev\u00f3 a Espa\u00f1a, donde se sumergi\u00f3 en el estudio del quadrivium \u2014aritm\u00e9tica, geometr\u00eda, astronom\u00eda y m\u00fasica\u2014 en la renombrada biblioteca de Santa Mar\u00eda de Ripoll. Este per\u00edodo consolid\u00f3 su reputaci\u00f3n como un brillante erudito, particularmente en matem\u00e1ticas.<\/p>\n<p>Su creciente reputaci\u00f3n lleg\u00f3 a Roma, donde impresion\u00f3 al Papa Juan XIII y al emperador del Sacro Imperio Romano Germ\u00e1nico, Otto I, con su destreza matem\u00e1tica. Esto lo condujo al crucial papel de tutor del joven Otto II, cimentando a\u00fan m\u00e1s la conexi\u00f3n de Gerberto con la corte imperial. Reconociendo una brecha en su formaci\u00f3n l\u00f3gica, Gerberto continu\u00f3 sus estudios en Reims, Francia, bajo la tutela del archidi\u00e1cono Gerann.<\/p>\n<h2>Un Maestro, Erudito y Figura Pol\u00edtica<\/h2>\n<p>La habilidad de Gerberto en l\u00f3gica y dial\u00e9ctica transform\u00f3 la escuela catedralicia de Reims, lo que le vali\u00f3 tanto elogios como la envidia de sus rivales. Un debate acad\u00e9mico instigado por el emperador Otto II demostr\u00f3 la destreza intelectual de Gerberto. Sin embargo, su nombramiento como abad de Bobbio result\u00f3 desafiante, exponi\u00e9ndolo a las complejidades de la administraci\u00f3n mon\u00e1stica y las disputas territoriales en Lombard\u00eda.<\/p>\n<p>La agitaci\u00f3n pol\u00edtica tras la muerte de Otto II oblig\u00f3 a Gerberto a huir de Bobbio y regresar a Reims. Jug\u00f3 un papel fundamental en el panorama pol\u00edtico de Francia, apoyando el reclamo de Hugo Capeto al trono. Su participaci\u00f3n en estas maquinaciones pol\u00edticas provoc\u00f3 acusaciones y controversias, destacando los tiempos turbulentos en los que vivi\u00f3.<\/p>\n<h2>Arzobispo, Consejero y Finalmente, Papa<\/h2>\n<p>A pesar de las controversias, el intelecto de Gerberto continu\u00f3 atrayendo la atenci\u00f3n de figuras poderosas. Su conexi\u00f3n con el joven Otto III, reavivada en Pav\u00eda, result\u00f3 crucial. Otto III, reconociendo los talentos de Gerberto, lo nombr\u00f3 arzobispo de R\u00e1vena. En este cargo, Gerberto implement\u00f3 importantes reformas agr\u00edcolas, demostrando sus habilidades pr\u00e1cticas junto con sus actividades acad\u00e9micas.<\/p>\n<p>La culminaci\u00f3n del extraordinario viaje de Gerberto lleg\u00f3 con su elecci\u00f3n como Papa Silvestre II en el a\u00f1o 999. Como papa, aport\u00f3 su rigor intelectual y experiencia pol\u00edtica para afrontar los desaf\u00edos que enfrentaba la iglesia.<\/p>\n<h2>El Legado de Silvestre II: Un Puente Entre Mundos<\/h2>\n<p><img decoding=\"async\" src=\"https:\/\/latrespace.com\/wp-content\/uploads\/2025\/05\/alt-text-a-map-of-europe-during-the-time-of-pope-sylvester-ii-showing-the-extent-of-the-holy-roman-empire-and-the-location-of-key-cities-relevant-to-his-life-like-aurillac-reims-and-rome.webp\" alt=\"Mapa de Europa durante la \u00e9poca del Papa Silvestre II, mostrando la extensi\u00f3n del Sacro Imperio Romano Germ\u00e1nico y la ubicaci\u00f3n de ciudades clave relevantes para su vida, como Aurillac, Reims y Roma.\" width=\"225\" height=\"225\" \/><em class=\"cap-ai\">Mapa de Europa durante la \u00e9poca del Papa Silvestre II, mostrando la extensi\u00f3n del Sacro Imperio Romano Germ\u00e1nico y la ubicaci\u00f3n de ciudades clave relevantes para su vida, como Aurillac, Reims y Roma.<\/em><\/p>\n<p>El papado del Papa Silvestre II, aunque relativamente corto, dej\u00f3 una huella imborrable en la historia. Foment\u00f3 la educaci\u00f3n, defendi\u00f3 las actividades acad\u00e9micas y naveg\u00f3 por el complejo panorama pol\u00edtico de su tiempo. Su vida, un testimonio del poder del intelecto y la b\u00fasqueda del conocimiento, sirve como un puente entre el mundo antiguo y el floreciente milenio. Es recordado no solo como un papa, sino como un erudito, innovador y una figura clave en la vida intelectual y pol\u00edtica de Europa a principios del primer milenio.<\/p>\n<h2>Conclusi\u00f3n: Un Papa de la Mente<\/h2>\n<p>La historia del Papa Silvestre II trasciende la narrativa t\u00edpica de la sucesi\u00f3n papal. Sigue siendo una figura cautivadora, un erudito que ascendi\u00f3 a los m\u00e1s altos escalones de la Iglesia. Su legado nos recuerda la importancia de la curiosidad intelectual, el poder de la educaci\u00f3n y el impacto que un solo individuo puede tener en el curso de la historia. Su influencia, tanto dentro de la Iglesia como en el Sacro Imperio Romano Germ\u00e1nico, consolida su lugar como una figura fundamental en la transici\u00f3n del siglo X al XI.<\/p>\n","protected":false},"excerpt":{"rendered":"<p>El Papa Silvestre II, nacido como Gerberto de Aurillac alrededor del a\u00f1o 945, se erige como una figura \u00fanica en &#8230; <a title=\"El Papa Silvestre II: Un Erudito en el Trono Papal\" class=\"read-more\" href=\"https:\/\/latrespace.com\/es\/el-papa-silvestre-ii-un-erudito-en-el-trono-papal\/\" aria-label=\"Leer m\u00e1s sobre El Papa Silvestre II: Un Erudito en el Trono Papal\"> <\/a><\/p>\n","protected":false},"author":1,"featured_media":3207,"comment_status":"closed","ping_status":"closed","sticky":false,"template":"","format":"standard","meta":{"footnotes":""},"categories":[47],"tags":[],"class_list":["post-4945","post","type-post","status-publish","format-standard","has-post-thumbnail","hentry","category-poemas","generate-columns","tablet-grid-50","mobile-grid-100","grid-parent","grid-25"],"lang":"es","translations":{"es":4945,"en":3206,"de":4424,"fr":12558},"_links":{"self":[{"href":"https:\/\/latrespace.com\/es\/wp-json\/wp\/v2\/posts\/4945","targetHints":{"allow":["GET"]}}],"collection":[{"href":"https:\/\/latrespace.com\/es\/wp-json\/wp\/v2\/posts"}],"about":[{"href":"https:\/\/latrespace.com\/es\/wp-json\/wp\/v2\/types\/post"}],"author":[{"embeddable":true,"href":"https:\/\/latrespace.com\/es\/wp-json\/wp\/v2\/users\/1"}],"replies":[{"embeddable":true,"href":"https:\/\/latrespace.com\/es\/wp-json\/wp\/v2\/comments?post=4945"}],"version-history":[{"count":0,"href":"https:\/\/latrespace.com\/es\/wp-json\/wp\/v2\/posts\/4945\/revisions"}],"wp:featuredmedia":[{"embeddable":true,"href":"https:\/\/latrespace.com\/es\/wp-json\/wp\/v2\/media\/3207"}],"wp:attachment":[{"href":"https:\/\/latrespace.com\/es\/wp-json\/wp\/v2\/media?parent=4945"}],"wp:term":[{"taxonomy":"category","embeddable":true,"href":"https:\/\/latrespace.com\/es\/wp-json\/wp\/v2\/categories?post=4945"},{"taxonomy":"post_tag","embeddable":true,"href":"https:\/\/latrespace.com\/es\/wp-json\/wp\/v2\/tags?post=4945"}],"curies":[{"name":"wp","href":"https:\/\/api.w.org\/{rel}","templated":true}]}}