{"id":5094,"date":"2025-05-05T07:33:48","date_gmt":"2025-05-05T07:33:48","guid":{"rendered":"https:\/\/latrespace.com\/poemas-del-genocidio-explorando-la-poderosa-poesia-de-omar-sakr\/"},"modified":"2025-05-05T07:33:48","modified_gmt":"2025-05-05T07:33:48","slug":"poemas-del-genocidio-explorando-la-poderosa-poesia-de-omar-sakr","status":"publish","type":"post","link":"https:\/\/latrespace.com\/es\/poemas-del-genocidio-explorando-la-poderosa-poesia-de-omar-sakr\/","title":{"rendered":"Poemas del Genocidio: Explorando la Poderosa Poes\u00eda de Omar Sakr"},"content":{"rendered":"<p>La serie &#8220;en el genocidio&#8221; de Omar Sakr es una exploraci\u00f3n visceral y desgarradora de la violencia continua en Palestina. Estos poemas trascienden lo personal, transformando el dolor individual en un lamento colectivo por un pueblo bajo asedio. A trav\u00e9s de im\u00e1genes crudas y emociones sin filtrar, Sakr confronta los horrores del genocidio, obligando a los lectores a lidiar con la brutal realidad de la situaci\u00f3n. Este art\u00edculo profundiza en varios poemas de esta serie, examinando sus temas, im\u00e1genes e impacto emocional.<\/p>\n<h2>El Peso de la P\u00e9rdida en &#8220;En alg\u00fan momento del genocidio&#8221;<\/h2>\n<p>&#8220;En alg\u00fan momento del genocidio&#8221; de Sakr captura el entumecimiento y la desesperaci\u00f3n que acompa\u00f1an a la violencia masiva. Los versos iniciales del poema, &#8220;Era un jueves \/ cuando miles de los asesinados \/ pasaron a trav\u00e9s de m\u00ed&#8221;, establecen inmediatamente una sensaci\u00f3n de p\u00e9rdida abrumadora. El acto mundano del hablante de cenar en el suelo, &#8220;fr\u00edo como dios, peludo como cualquier animal&#8221;, subraya el efecto deshumanizante de la exposici\u00f3n constante a la muerte. El intento del hablante de &#8220;abrazarlos&#8221;, de conectar con las almas difuntas, es in\u00fatil. Su paso deja al hablante emocionalmente vac\u00edo, despojado de sentimiento.<\/p>\n<p><img decoding=\"async\" src=\"https:\/\/latrespace.com\/wp-content\/uploads\/2025\/05\/omar-sakr-im-6-scaled.webp\" alt=\"Omar Sakr y la p\u00e9rdida en el genocidio\" width=\"2560\" height=\"1707\" \/><em class=\"cap-ai\">Omar Sakr y la p\u00e9rdida en el genocidio<\/em><\/p>\n<h2>Luchando por la Conexi\u00f3n en &#8220;Comprensi\u00f3n en el genocidio&#8221;<\/h2>\n<p>&#8220;Comprensi\u00f3n en el genocidio&#8221; cambia el enfoque a lo personal, explorando los desaf\u00edos de criar a un hijo en medio de un conflicto continuo. El poema se centra en el hijo del hablante, cuyo retraso en el habla se convierte en una met\u00e1fora de la ruptura de la comunicaci\u00f3n y la comprensi\u00f3n. Los intentos del hablante de conectar con su hijo est\u00e1n llenos de ansiedad, reflejando un miedo m\u00e1s profundo por el futuro de su hijo en un mundo marcado por la violencia. La pregunta repetida, &#8220;\u00bfPor qu\u00e9 se siente tan cruel?&#8221;, destaca la lucha del hablante por reconciliar el amor por su hijo con las duras realidades que los rodean.<\/p>\n<h2>Confrontando el &#8220;No&#8221; en &#8220;Eleg\u00eda en el genocidio&#8221;<\/h2>\n<p>&#8220;Eleg\u00eda en el genocidio&#8221; es una confrontaci\u00f3n cruda e inquebrantable con las secuelas de la violencia. El hablante lidia con las limitaciones del lenguaje, reconociendo la incapacidad de la poes\u00eda para capturar verdaderamente la magnitud de la p\u00e9rdida. La imagen central del poema es el &#8220;no&#8221;: el &#8220;no-yo&#8221;, el &#8220;no-mundo&#8221;, el &#8220;no-coraz\u00f3n&#8221;, que representa el vac\u00edo dejado por el genocidio. El deseo del hablante de recoger las &#8220;partes rojas&#8221; de los ni\u00f1os asesinados y prepararlos para el entierro habla de una profunda necesidad de ritual y cierre ante un horror inimaginable.<\/p>\n<p><img decoding=\"async\" src=\"https:\/\/latrespace.com\/wp-content\/uploads\/2025\/05\/img6592.webp\" alt=\"Ni\u00f1os v\u00edctimas del genocidio\" width=\"1280\" height=\"800\" \/><em class=\"cap-ai\">Ni\u00f1os v\u00edctimas del genocidio<\/em><\/p>\n<h2>El Ciclo de la Violencia en &#8220;Cohesi\u00f3n social en el genocidio&#8221;<\/h2>\n<p>&#8220;Cohesi\u00f3n social en el genocidio&#8221; emplea la alegor\u00eda para criticar los sistemas que perpet\u00faan la violencia. La imagen del rey empujando repetidamente el huevo, s\u00edmbolo de la vida fr\u00e1gil, por el borde, destaca la cruel indiferencia por la vida humana. Los s\u00fabditos de abajo, luchando por &#8220;detener la p\u00e9rdida&#8221;, representan una sociedad atrapada en un ciclo de reacci\u00f3n, incapaz de abordar la causa ra\u00edz del sufrimiento.<\/p>\n<h2>Un Grito de Libertad en &#8220;En alg\u00fan momento del genocidio (reprise)&#8221;<\/h2>\n<p>&#8220;En alg\u00fan momento del genocidio (reprise)&#8221; regresa al tema de la p\u00e9rdida abrumadora, enfatizando la naturaleza continua de la violencia. Los versos &#8220;Lunes, y miles m\u00e1s \/ de los asesinados pasan&#8221; subrayan el ciclo implacable de la muerte. Sin embargo, el poema termina con un grito de liberaci\u00f3n, un anhelo de libertad &#8220;del invierno de nuestro fin&#8221;. Esta s\u00faplica final ofrece un destello de esperanza, una negativa a sucumbir a la desesperaci\u00f3n a pesar de los horrores presenciados.<\/p>\n<h2>Conclusi\u00f3n: El Poder del Testimonio<\/h2>\n<p>La serie &#8220;en el genocidio&#8221; de Omar Sakr es un poderoso testimonio de la resiliencia del esp\u00edritu humano ante un sufrimiento inimaginable. Estos poemas del genocidio no son meras observaciones; son actos de testimonio, que nos obligan a confrontar la brutal realidad de la situaci\u00f3n y exigen una respuesta. La poes\u00eda de Sakr sirve como un crudo recordatorio de la importancia de la empat\u00eda, la solidaridad y la lucha continua por la justicia y la paz.<\/p>\n","protected":false},"excerpt":{"rendered":"<p>La serie &#8220;en el genocidio&#8221; de Omar Sakr es una exploraci\u00f3n visceral y desgarradora de la violencia continua en Palestina. &#8230; <a title=\"Poemas del Genocidio: Explorando la Poderosa Poes\u00eda de Omar Sakr\" class=\"read-more\" href=\"https:\/\/latrespace.com\/es\/poemas-del-genocidio-explorando-la-poderosa-poesia-de-omar-sakr\/\" aria-label=\"Leer m\u00e1s sobre Poemas del Genocidio: Explorando la Poderosa Poes\u00eda de Omar Sakr\"> <\/a><\/p>\n","protected":false},"author":1,"featured_media":3397,"comment_status":"closed","ping_status":"closed","sticky":false,"template":"","format":"standard","meta":{"footnotes":""},"categories":[47],"tags":[],"class_list":["post-5094","post","type-post","status-publish","format-standard","has-post-thumbnail","hentry","category-poemas","generate-columns","tablet-grid-50","mobile-grid-100","grid-parent","grid-25"],"lang":"es","translations":{"es":5094,"en":3396,"fr":3909,"de":14087},"_links":{"self":[{"href":"https:\/\/latrespace.com\/es\/wp-json\/wp\/v2\/posts\/5094","targetHints":{"allow":["GET"]}}],"collection":[{"href":"https:\/\/latrespace.com\/es\/wp-json\/wp\/v2\/posts"}],"about":[{"href":"https:\/\/latrespace.com\/es\/wp-json\/wp\/v2\/types\/post"}],"author":[{"embeddable":true,"href":"https:\/\/latrespace.com\/es\/wp-json\/wp\/v2\/users\/1"}],"replies":[{"embeddable":true,"href":"https:\/\/latrespace.com\/es\/wp-json\/wp\/v2\/comments?post=5094"}],"version-history":[{"count":0,"href":"https:\/\/latrespace.com\/es\/wp-json\/wp\/v2\/posts\/5094\/revisions"}],"wp:featuredmedia":[{"embeddable":true,"href":"https:\/\/latrespace.com\/es\/wp-json\/wp\/v2\/media\/3397"}],"wp:attachment":[{"href":"https:\/\/latrespace.com\/es\/wp-json\/wp\/v2\/media?parent=5094"}],"wp:term":[{"taxonomy":"category","embeddable":true,"href":"https:\/\/latrespace.com\/es\/wp-json\/wp\/v2\/categories?post=5094"},{"taxonomy":"post_tag","embeddable":true,"href":"https:\/\/latrespace.com\/es\/wp-json\/wp\/v2\/tags?post=5094"}],"curies":[{"name":"wp","href":"https:\/\/api.w.org\/{rel}","templated":true}]}}