{"id":5236,"date":"2025-05-05T08:32:00","date_gmt":"2025-05-05T08:32:00","guid":{"rendered":"https:\/\/latrespace.com\/la-magia-del-horario-de-verano-un-poema-infantil\/"},"modified":"2025-05-05T08:32:00","modified_gmt":"2025-05-05T08:32:00","slug":"la-magia-del-horario-de-verano-un-poema-infantil","status":"publish","type":"post","link":"https:\/\/latrespace.com\/es\/la-magia-del-horario-de-verano-un-poema-infantil\/","title":{"rendered":"La Magia del Horario de Verano: Un Poema Infantil"},"content":{"rendered":"<p>El concepto del horario de verano puede ser confuso, incluso para los adultos. Pero para un ni\u00f1o, la frase en s\u00ed misma puede despertar interpretaciones imaginativas. El poema de James Crews, &#8220;Horario de Verano, 5 a\u00f1os&#8221;, captura perfectamente este malentendido inocente y lo transforma en una exploraci\u00f3n caprichosa de lo que podr\u00eda significar realmente &#8220;ahorrar la luz del d\u00eda&#8221;. Este art\u00edculo profundiza en el poema de Crews, analizando sus encantadoras im\u00e1genes y la conmovedora reflexi\u00f3n que ofrece sobre la maravilla infantil.<\/p>\n<h2>Guardando la Luz del Sol en Frascos: La Perspectiva de un Ni\u00f1o<\/h2>\n<p>El poema de Crews comienza con una premisa simple pero poderosa: la mala interpretaci\u00f3n de un ni\u00f1o del &#8220;horario de verano&#8221;. El joven hablante imagina horas robadas acumul\u00e1ndose como monedas en la b\u00f3veda de un banco, prometiendo una repentina riqueza de tiempo. Esta imagen establece inmediatamente el tema central del poema: la imaginaci\u00f3n sin l\u00edmites de un ni\u00f1o que lidia con un concepto complejo.<\/p>\n<p>El poema luego contrasta la explicaci\u00f3n pr\u00e1ctica de la madre \u2013 sue\u00f1os adicionales en invierno, la luz tard\u00eda que regresa en primavera \u2013 con la persistente creencia del ni\u00f1o en su interpretaci\u00f3n m\u00e1gica. Las acciones del ni\u00f1o, &#8220;ahuecando mis manos debajo de cada l\u00e1mpara, manteniendo el refrigerador abierto&#8221;, resaltan sus sinceros intentos de capturar y contener el brillo esquivo. Estas acciones, aunque aparentemente il\u00f3gicas, pintan una imagen v\u00edvida de la inquebrantable convicci\u00f3n del ni\u00f1o.<\/p>\n<h2>La Dulzura de la Luz Guardada<\/h2>\n<p>El uso del lenguaje sensorial por parte de Crews enriquece a\u00fan m\u00e1s la cualidad m\u00e1gica del poema. La imagen de &#8220;la luz del d\u00eda filtr\u00e1ndose lentamente del goteante panal del sol&#8221; evoca una sensaci\u00f3n de luz tangible, algo que se puede recolectar y saborear. El deseo del ni\u00f1o de &#8220;untarla en rebanadas de pan, comerla con una cuchara&#8221; agrega una capa de deliciosa absurdidad, enfatizando a\u00fan m\u00e1s la perspectiva infantil.<\/p>\n<p>Esta imagen subraya el anhelo del ni\u00f1o por algo precioso y fugaz. La luz del d\u00eda, en la mente del ni\u00f1o, se convierte en un bien tangible, tan valioso como la miel, para ser recolectado y apreciado. El encanto del poema radica en su capacidad para aprovechar la experiencia universal de la maravilla infantil, donde los l\u00edmites de la realidad se difuminan con la imaginaci\u00f3n.<\/p>\n<h2>El Poder de la Imaginaci\u00f3n<\/h2>\n<p>&#8220;Horario de Verano, 5 a\u00f1os&#8221; es m\u00e1s que una an\u00e9cdota encantadora sobre el malentendido de un ni\u00f1o. Es una celebraci\u00f3n del poder de la imaginaci\u00f3n y la forma \u00fanica en que los ni\u00f1os perciben el mundo. El final del poema, con el suave comentario de la madre, &#8220;Cari\u00f1o, no funciona as\u00ed&#8221;, deja al lector con una sensaci\u00f3n de nostalgia agridulce por la creatividad ilimitada de la infancia. Si bien la comprensi\u00f3n del ni\u00f1o sobre el horario de verano puede ser err\u00f3nea, su interpretaci\u00f3n imaginativa revela una verdad m\u00e1s profunda sobre el deseo humano de aferrarse a momentos preciosos.<\/p>\n<p>El poema nos invita a revisitar esa maravilla infantil, a recordar una \u00e9poca en la que todo parec\u00eda posible. Sirve como un suave recordatorio de que incluso frente a las explicaciones de los adultos, la magia de la imaginaci\u00f3n infantil puede continuar iluminando nuestras vidas. La &#8220;luz del d\u00eda&#8221; que ahorramos, quiz\u00e1s, no es literal, sino el recuerdo de esa maravilla inocente, un tesoro para apreciar mucho despu\u00e9s de que hayamos aprendido c\u00f3mo funciona realmente el tiempo.<\/p>\n","protected":false},"excerpt":{"rendered":"<p>El concepto del horario de verano puede ser confuso, incluso para los adultos. Pero para un ni\u00f1o, la frase en &#8230; <a title=\"La Magia del Horario de Verano: Un Poema Infantil\" class=\"read-more\" href=\"https:\/\/latrespace.com\/es\/la-magia-del-horario-de-verano-un-poema-infantil\/\" aria-label=\"Leer m\u00e1s sobre La Magia del Horario de Verano: Un Poema Infantil\"> <\/a><\/p>\n","protected":false},"author":1,"featured_media":0,"comment_status":"closed","ping_status":"closed","sticky":false,"template":"","format":"standard","meta":{"footnotes":""},"categories":[47],"tags":[],"class_list":["post-5236","post","type-post","status-publish","format-standard","hentry","category-poemas","generate-columns","tablet-grid-50","mobile-grid-100","grid-parent","grid-25"],"lang":"es","translations":{"es":5236,"en":2357,"de":5062,"fr":12306},"_links":{"self":[{"href":"https:\/\/latrespace.com\/es\/wp-json\/wp\/v2\/posts\/5236","targetHints":{"allow":["GET"]}}],"collection":[{"href":"https:\/\/latrespace.com\/es\/wp-json\/wp\/v2\/posts"}],"about":[{"href":"https:\/\/latrespace.com\/es\/wp-json\/wp\/v2\/types\/post"}],"author":[{"embeddable":true,"href":"https:\/\/latrespace.com\/es\/wp-json\/wp\/v2\/users\/1"}],"replies":[{"embeddable":true,"href":"https:\/\/latrespace.com\/es\/wp-json\/wp\/v2\/comments?post=5236"}],"version-history":[{"count":0,"href":"https:\/\/latrespace.com\/es\/wp-json\/wp\/v2\/posts\/5236\/revisions"}],"wp:attachment":[{"href":"https:\/\/latrespace.com\/es\/wp-json\/wp\/v2\/media?parent=5236"}],"wp:term":[{"taxonomy":"category","embeddable":true,"href":"https:\/\/latrespace.com\/es\/wp-json\/wp\/v2\/categories?post=5236"},{"taxonomy":"post_tag","embeddable":true,"href":"https:\/\/latrespace.com\/es\/wp-json\/wp\/v2\/tags?post=5236"}],"curies":[{"name":"wp","href":"https:\/\/api.w.org\/{rel}","templated":true}]}}