{"id":5363,"date":"2025-05-05T09:39:42","date_gmt":"2025-05-05T09:39:42","guid":{"rendered":"https:\/\/latrespace.com\/el-mundo-poetico-de-dania-el-ghattis\/"},"modified":"2025-05-05T09:39:42","modified_gmt":"2025-05-05T09:39:42","slug":"el-mundo-poetico-de-dania-el-ghattis","status":"publish","type":"post","link":"https:\/\/latrespace.com\/es\/el-mundo-poetico-de-dania-el-ghattis\/","title":{"rendered":"El Mundo Po\u00e9tico de Dania El-Ghattis"},"content":{"rendered":"<p>Dania El-Ghattis, una joven estudiante de educaci\u00f3n en casa de Melbourne, Australia, demuestra un dominio notable del lenguaje y la imaginer\u00eda en su poes\u00eda. Esta exploraci\u00f3n se adentra en tres de sus poemas, &#8220;Una Carta a Don Gram\u00e1tica&#8221;, &#8220;Mi Jard\u00edn de Medianoche&#8221; y &#8220;Crepuscular&#8221;, analizando sus temas \u00fanicos y elecciones estil\u00edsticas.<\/p>\n<h2>Una S\u00faplica Juguetona: &#8220;Una Carta a Don Gram\u00e1tica&#8221;<\/h2>\n<p>&#8220;Una Carta a Don Gram\u00e1tica&#8221; es una encantadora personificaci\u00f3n del lenguaje mismo. El-Ghattis construye ingeniosamente una s\u00faplica por palabras frescas, enmarcando los componentes centrales de la gram\u00e1tica como objetos tangibles. Los verbos &#8220;brillan y relucen&#8221;, los sustantivos traen &#8220;im\u00e1genes y vida&#8221;, y los adjetivos son &#8220;crujientes y dulces&#8221;. Este enfoque l\u00fadico no solo muestra su comprensi\u00f3n de los elementos gramaticales, sino que tambi\u00e9n destaca la propia relaci\u00f3n floreciente de la poeta con el lenguaje. La naturaleza metapo\u00e9tica del poema, donde la creaci\u00f3n de poes\u00eda es en s\u00ed misma el tema, a\u00f1ade una capa de profundidad a menudo ausente en escritores tan j\u00f3venes. El humor autoconsciente de quedarse sin palabras mientras escribe sobre la necesidad de m\u00e1s palabras enfatiza a\u00fan m\u00e1s el encanto juvenil y el ingenio presente en todo momento.<\/p>\n<h2>Encontrando Magia en lo Mundano: &#8220;Mi Jard\u00edn de Medianoche&#8221;<\/h2>\n<p>&#8220;Mi Jard\u00edn de Medianoche&#8221; transporta al lector a un mundo de silenciosa maravilla. El poema pinta una imagen v\u00edvida de un cielo nocturno, transform\u00e1ndolo en un jard\u00edn celestial. Las estrellas se convierten en &#8220;diamantes que brillan en lo alto&#8221;, comparadas con las &#8220;flores de una orqu\u00eddea&#8221;. Esta comparaci\u00f3n imaginativa eleva la experiencia cotidiana de mirar las estrellas a algo m\u00e1gico y personal. El uso de un lenguaje suave y cadencioso crea una sensaci\u00f3n de paz y tranquilidad, enfatizando la belleza que se encuentra en la quietud de la noche. La estructura simple del poema y las im\u00e1genes claras lo hacen accesible y emocionalmente resonante, mostrando la capacidad de El-Ghattis para encontrar poes\u00eda en lo ordinario.<\/p>\n<h2>Abrazando lo Ef\u00edmero: &#8220;Crepuscular&#8221;<\/h2>\n<p>&#8220;Crepuscular&#8221;, que significa relativo al crep\u00fasculo, se adentra en la fugaz belleza del anochecer. El-Ghattis se dirige a la Noche como una entidad personificada, cubriendo la tierra con &#8220;un manto de joyas moteadas&#8221;. El poema evoca una sensaci\u00f3n de asombro y misterio, capturando el momento de transici\u00f3n entre el d\u00eda y la noche. Las ricas im\u00e1genes, como la &#8220;suave sonrisa evanescente de la luna dorada&#8221;, apelan a los sentidos y crean una atm\u00f3sfera palpable. La estructura del poema, con su elegante esquema de rima y su dicci\u00f3n cuidadosamente elegida, refleja un enfoque m\u00e1s formal y cl\u00e1sico en comparaci\u00f3n con los dos poemas anteriores. Los versos finales, &#8220;Volver\u00e1s para encender las estrellas&#8221;, ofrecen una sensaci\u00f3n de renovaci\u00f3n c\u00edclica, reconociendo la naturaleza ef\u00edmera de la noche mientras se anticipa su inevitable regreso.<\/p>\n<h2>Un Talento en Cimiento<\/h2>\n<p>Estos tres poemas, diversos en estilo y tema, revelan a una joven poeta prometedora con un buen ojo para los detalles y un amor por el lenguaje. La capacidad de Dania El-Ghattis para entrelazar im\u00e1genes, emoci\u00f3n y una comprensi\u00f3n sofisticada de los recursos po\u00e9ticos sugiere un futuro brillante para sus esfuerzos creativos. Su trabajo nos recuerda el poder de la poes\u00eda para transformar lo ordinario en extraordinario y encontrar la belleza en el mundo que nos rodea.<\/p>\n","protected":false},"excerpt":{"rendered":"<p>Dania El-Ghattis, una joven estudiante de educaci\u00f3n en casa de Melbourne, Australia, demuestra un dominio notable del lenguaje y la &#8230; <a title=\"El Mundo Po\u00e9tico de Dania El-Ghattis\" class=\"read-more\" href=\"https:\/\/latrespace.com\/es\/el-mundo-poetico-de-dania-el-ghattis\/\" aria-label=\"Leer m\u00e1s sobre El Mundo Po\u00e9tico de Dania El-Ghattis\"> <\/a><\/p>\n","protected":false},"author":1,"featured_media":0,"comment_status":"closed","ping_status":"closed","sticky":false,"template":"","format":"standard","meta":{"footnotes":""},"categories":[43],"tags":[],"class_list":["post-5363","post","type-post","status-publish","format-standard","hentry","category-poemas-favoritos","generate-columns","tablet-grid-50","mobile-grid-100","grid-parent","grid-25"],"lang":"es","translations":{"es":5363,"en":3845,"fr":5705,"de":12226},"_links":{"self":[{"href":"https:\/\/latrespace.com\/es\/wp-json\/wp\/v2\/posts\/5363","targetHints":{"allow":["GET"]}}],"collection":[{"href":"https:\/\/latrespace.com\/es\/wp-json\/wp\/v2\/posts"}],"about":[{"href":"https:\/\/latrespace.com\/es\/wp-json\/wp\/v2\/types\/post"}],"author":[{"embeddable":true,"href":"https:\/\/latrespace.com\/es\/wp-json\/wp\/v2\/users\/1"}],"replies":[{"embeddable":true,"href":"https:\/\/latrespace.com\/es\/wp-json\/wp\/v2\/comments?post=5363"}],"version-history":[{"count":0,"href":"https:\/\/latrespace.com\/es\/wp-json\/wp\/v2\/posts\/5363\/revisions"}],"wp:attachment":[{"href":"https:\/\/latrespace.com\/es\/wp-json\/wp\/v2\/media?parent=5363"}],"wp:term":[{"taxonomy":"category","embeddable":true,"href":"https:\/\/latrespace.com\/es\/wp-json\/wp\/v2\/categories?post=5363"},{"taxonomy":"post_tag","embeddable":true,"href":"https:\/\/latrespace.com\/es\/wp-json\/wp\/v2\/tags?post=5363"}],"curies":[{"name":"wp","href":"https:\/\/api.w.org\/{rel}","templated":true}]}}