{"id":5473,"date":"2025-05-05T15:21:06","date_gmt":"2025-05-05T15:21:06","guid":{"rendered":"https:\/\/latrespace.com\/poemas-del-fin-del-verano\/"},"modified":"2025-05-05T15:21:06","modified_gmt":"2025-05-05T15:21:06","slug":"poemas-del-fin-del-verano","status":"publish","type":"post","link":"https:\/\/latrespace.com\/es\/poemas-del-fin-del-verano\/","title":{"rendered":"Poemas del Fin del Verano"},"content":{"rendered":"<p>El fin del verano evoca una mezcla \u00fanica de nostalgia y reflexi\u00f3n. La vibrante energ\u00eda de los d\u00edas largos da paso al aire fresco del oto\u00f1o, invit\u00e1ndonos a recordar los momentos de la temporada. Estos poemas cuidadosamente seleccionados capturan la esencia de esta transici\u00f3n, explorando temas de cambio, recuerdos y la agridulce belleza de despedirse del calor del verano.<\/p>\n<h2>El Silencio del Final del Verano<\/h2>\n<p>El sol se pone m\u00e1s bajo ahora, un dorado m\u00e1s suave,<br \/>\nA trav\u00e9s de los campos donde se cuenta la historia del verano.<br \/>\nLos grillos cantan una melod\u00eda m\u00e1s lenta y suave,<br \/>\nMientras las sombras se alargan en la tarde.<\/p>\n<p>El verde vibrante de las hojas comienza a desvanecerse,<br \/>\nUn toque de \u00f3xido, un tono dorado se muestra.<br \/>\nEl aire se calma, un suave silencio desciende,<br \/>\nMientras la vibrante sinfon\u00eda de la naturaleza se suspende.<\/p>\n<h2>Calor Persistente<\/h2>\n<p>Los d\u00edas se acortan, las noches se vuelven frescas y profundas,<br \/>\nSin embargo, el calor del verano lo guardamos en la memoria.<br \/>\nEl aroma del protector solar, la salada brisa del oc\u00e9ano,<br \/>\nLa risa resonando a trav\u00e9s de los \u00e1rboles susurrantes.<\/p>\n<p>El sabor de la fruta madura, dulce en la lengua,<br \/>\nLas canciones del verano, cantadas con alegr\u00eda.<br \/>\nEstos recuerdos persisten, un brillo c\u00e1lido y suave,<br \/>\nA medida que los vibrantes colores del verano comienzan a desaparecer.<\/p>\n<h2>El Abrazo de Septiembre<\/h2>\n<p>Septiembre llega con suave gracia,<br \/>\nUn susurro de cambio en el aire que abrazamos.<br \/>\nLas hojas comienzan a bailar, un espect\u00e1culo ardiente,<br \/>\nMientras el reinado del verano se desvanece a rega\u00f1adientes.<\/p>\n<p>La luna de la cosecha, un orbe plateado tan brillante,<br \/>\nIlumina los d\u00edas que se acortan y las noches que se alargan.<br \/>\nNos reunimos, en el tierno abrazo del oto\u00f1o,<br \/>\nMientras las historias del verano comienzan a desarrollarse.<\/p>\n<h2>Un Tiempo para la Reflexi\u00f3n<\/h2>\n<p>En momentos tranquilos, mientras el sol desciende,<br \/>\nNos detenemos a reflexionar sobre c\u00f3mo termina el verano.<br \/>\nLos recuerdos que hicimos, las alegr\u00edas que abrazamos,<br \/>\nLos momentos fugaces, el tiempo no puede borrar.<\/p>\n<p>Reunimos nuestros pensamientos, como conchas marinas en la orilla,<br \/>\nTesoros del verano, para siempre.<br \/>\nY aunque la temporada cambie y las hojas caigan,<br \/>\nLa esencia del verano perdura, dentro de todos nosotros.<\/p>\n<p>El fin del verano es un tiempo de transici\u00f3n, un puente entre la vitalidad del verano y la tranquila introspecci\u00f3n del oto\u00f1o. Estos poemas nos invitan a apreciar los recuerdos del verano mientras abrazamos la belleza de las estaciones cambiantes. Nos recuerdan que incluso cuando el verano se desvanece, su calor y luz permanecen dentro de nosotros, moldeando qui\u00e9nes somos y c\u00f3mo experimentamos el mundo que nos rodea.<\/p>\n","protected":false},"excerpt":{"rendered":"<p>El fin del verano evoca una mezcla \u00fanica de nostalgia y reflexi\u00f3n. La vibrante energ\u00eda de los d\u00edas largos da &#8230; <a title=\"Poemas del Fin del Verano\" class=\"read-more\" href=\"https:\/\/latrespace.com\/es\/poemas-del-fin-del-verano\/\" aria-label=\"Leer m\u00e1s sobre Poemas del Fin del Verano\"> <\/a><\/p>\n","protected":false},"author":1,"featured_media":0,"comment_status":"closed","ping_status":"closed","sticky":false,"template":"","format":"standard","meta":{"footnotes":""},"categories":[47],"tags":[],"class_list":["post-5473","post","type-post","status-publish","format-standard","hentry","category-poemas","generate-columns","tablet-grid-50","mobile-grid-100","grid-parent","grid-25"],"lang":"es","translations":{"es":5473,"en":3449,"de":4671,"fr":15386},"_links":{"self":[{"href":"https:\/\/latrespace.com\/es\/wp-json\/wp\/v2\/posts\/5473","targetHints":{"allow":["GET"]}}],"collection":[{"href":"https:\/\/latrespace.com\/es\/wp-json\/wp\/v2\/posts"}],"about":[{"href":"https:\/\/latrespace.com\/es\/wp-json\/wp\/v2\/types\/post"}],"author":[{"embeddable":true,"href":"https:\/\/latrespace.com\/es\/wp-json\/wp\/v2\/users\/1"}],"replies":[{"embeddable":true,"href":"https:\/\/latrespace.com\/es\/wp-json\/wp\/v2\/comments?post=5473"}],"version-history":[{"count":0,"href":"https:\/\/latrespace.com\/es\/wp-json\/wp\/v2\/posts\/5473\/revisions"}],"wp:attachment":[{"href":"https:\/\/latrespace.com\/es\/wp-json\/wp\/v2\/media?parent=5473"}],"wp:term":[{"taxonomy":"category","embeddable":true,"href":"https:\/\/latrespace.com\/es\/wp-json\/wp\/v2\/categories?post=5473"},{"taxonomy":"post_tag","embeddable":true,"href":"https:\/\/latrespace.com\/es\/wp-json\/wp\/v2\/tags?post=5473"}],"curies":[{"name":"wp","href":"https:\/\/api.w.org\/{rel}","templated":true}]}}