{"id":5963,"date":"2025-05-06T08:59:39","date_gmt":"2025-05-06T08:59:39","guid":{"rendered":"https:\/\/latrespace.com\/el-papa-silvestre-ii-y-meridiana-un-analisis-del-poema-de-joseph-s-salemi\/"},"modified":"2025-05-06T08:59:39","modified_gmt":"2025-05-06T08:59:39","slug":"el-papa-silvestre-ii-y-meridiana-un-analisis-del-poema-de-joseph-s-salemi","status":"publish","type":"post","link":"https:\/\/latrespace.com\/es\/el-papa-silvestre-ii-y-meridiana-un-analisis-del-poema-de-joseph-s-salemi\/","title":{"rendered":"El Papa Silvestre II y Meridiana: Un an\u00e1lisis del poema de Joseph S. Salemi"},"content":{"rendered":"<p>Joseph S. Salemi, en su poema &#8220;El Papa Silvestre II y Meridiana&#8221;, nos presenta una provocativa exploraci\u00f3n de una figura hist\u00f3rica a trav\u00e9s de la lente de la leyenda y el mon\u00f3logo dram\u00e1tico.  El poema profundiza en la supuesta relaci\u00f3n entre el Papa Silvestre II y una s\u00facubo llamada Meridiana, examinando la naturaleza del deseo, el poder y el m\u00e1s all\u00e1.<\/p>\n<h2>Estructura y narrativa del poema<\/h2>\n<p>Salemi emplea magistralmente el mon\u00f3logo dram\u00e1tico para dar voz a Silvestre II. El poema se desarrolla en cuatro estrofas distintas, cada una contribuyendo a un arco narrativo complejo. Las estrofas iniciales describen el encuentro f\u00edsico entre Silvestre y Meridiana, caracterizado por un extra\u00f1o desapego a pesar de la intimidad. Esta conexi\u00f3n parad\u00f3jica sienta las bases para la exploraci\u00f3n del impacto de su relaci\u00f3n en la vida de Silvestre.<\/p>\n<p>La tercera estrofa cambia el enfoque a la influencia de Meridiana en el \u00e9xito mundano de Silvestre. \u00c9l atribuye sus logros \u2013 obispados, favor imperial e incluso la corona papal \u2013 a su gu\u00eda. Esto plantea preguntas sobre la ambici\u00f3n, la naturaleza corruptora del poder y la posibilidad de intervenci\u00f3n sobrenatural en los asuntos humanos. La ambig\u00fcedad que rodea la naturaleza de Meridiana a\u00f1ade otra capa de intriga. \u00bfEs un demonio, una musa o una met\u00e1fora de los propios impulsos de Silvestre?<\/p>\n<p>La estrofa final culmina en una escalofriante descripci\u00f3n del m\u00e1s all\u00e1 de Silvestre. Confinado en su tumba, su deseo por Meridiana persiste, manifest\u00e1ndose en el traqueteo de los huesos y la piedra sudorosa que presagian las muertes papales. Esta imaginer\u00eda macabra solidifica la exploraci\u00f3n del poema del poder perdurable del deseo, incluso m\u00e1s all\u00e1 de la muerte.<\/p>\n<h2>El mon\u00f3logo dram\u00e1tico y su efecto<\/h2>\n<p>La elecci\u00f3n de Salemi del mon\u00f3logo dram\u00e1tico es crucial para el impacto del poema. Al dar voz a Silvestre, Salemi permite al lector entrar en su mente y experimentar su perspectiva de primera mano. Esto crea una sensaci\u00f3n de intimidad e inmediatez, atrayendo al lector al mundo inquietante del poema. Los tiempos verbales cambiantes a lo largo del poema contribuyen a la sensaci\u00f3n de inquietud, difuminando las l\u00edneas entre pasado, presente y futuro, y destacando la naturaleza atemporal del predicamento de Silvestre.<\/p>\n<h2>La idea central del poema<\/h2>\n<p>La idea central de &#8220;cl\u00edmax retardado&#8221; de Salemi, como \u00e9l la llama, gira en torno a la naturaleza evolutiva de la relaci\u00f3n entre Silvestre y Meridiana. Inicialmente, se centra en los aspectos f\u00edsicos y transaccionales de su conexi\u00f3n. Sin embargo, a medida que avanza el poema, la idea se profundiza, explorando las implicaciones espirituales y eternas de su v\u00ednculo. La imagen final de su uni\u00f3n continua en la tumba transforma la idea central en una poderosa declaraci\u00f3n sobre la naturaleza perdurable del deseo y su potencial para trascender incluso la muerte.<\/p>\n<h2>Temas de deseo, poder y el m\u00e1s all\u00e1<\/h2>\n<p>&#8220;El Papa Silvestre II y Meridiana&#8221; profundiza en varios temas entrelazados. El deseo, en sus diversas formas, es un motivo central. El deseo de Silvestre por Meridiana alimenta sus ambiciones mundanas y contin\u00faa atorment\u00e1ndolo en el m\u00e1s all\u00e1. El poema tambi\u00e9n explora la naturaleza del poder, tanto terrenal como sobrenatural, y el potencial de corrupci\u00f3n que lo acompa\u00f1a. Finalmente, el poema lidia con el concepto del m\u00e1s all\u00e1, presentando una visi\u00f3n que es a la vez inquietante y estimulante.<\/p>\n<h2>Conclusi\u00f3n<\/h2>\n<p>&#8220;El Papa Silvestre II y Meridiana&#8221; es un poema complejo y evocador que utiliza la forma del mon\u00f3logo dram\u00e1tico para explorar temas de deseo, poder y el m\u00e1s all\u00e1. El h\u00e1bil uso de Salemi de las im\u00e1genes, el lenguaje y la estructura crea una experiencia de lectura memorable e inquietante. La exploraci\u00f3n del poema del poder perdurable del deseo, incluso m\u00e1s all\u00e1 de la tumba, deja una impresi\u00f3n duradera en el lector, lo que incita a la reflexi\u00f3n sobre la naturaleza de la ambici\u00f3n humana y los misterios del m\u00e1s all\u00e1. La capacidad de Salemi para mezclar figuras hist\u00f3ricas con leyendas y tejer una narrativa convincente a trav\u00e9s de la forma po\u00e9tica demuestra su experiencia en el oficio.<\/p>\n","protected":false},"excerpt":{"rendered":"<p>Joseph S. Salemi, en su poema &#8220;El Papa Silvestre II y Meridiana&#8221;, nos presenta una provocativa exploraci\u00f3n de una figura &#8230; <a title=\"El Papa Silvestre II y Meridiana: Un an\u00e1lisis del poema de Joseph S. Salemi\" class=\"read-more\" href=\"https:\/\/latrespace.com\/es\/el-papa-silvestre-ii-y-meridiana-un-analisis-del-poema-de-joseph-s-salemi\/\" aria-label=\"Leer m\u00e1s sobre El Papa Silvestre II y Meridiana: Un an\u00e1lisis del poema de Joseph S. Salemi\"> <\/a><\/p>\n","protected":false},"author":1,"featured_media":756,"comment_status":"closed","ping_status":"closed","sticky":false,"template":"","format":"standard","meta":{"footnotes":""},"categories":[45],"tags":[],"class_list":["post-5963","post","type-post","status-publish","format-standard","has-post-thumbnail","hentry","category-recuerdos","generate-columns","tablet-grid-50","mobile-grid-100","grid-parent","grid-25"],"lang":"es","translations":{"es":5963,"en":755,"fr":14361,"de":14445},"_links":{"self":[{"href":"https:\/\/latrespace.com\/es\/wp-json\/wp\/v2\/posts\/5963","targetHints":{"allow":["GET"]}}],"collection":[{"href":"https:\/\/latrespace.com\/es\/wp-json\/wp\/v2\/posts"}],"about":[{"href":"https:\/\/latrespace.com\/es\/wp-json\/wp\/v2\/types\/post"}],"author":[{"embeddable":true,"href":"https:\/\/latrespace.com\/es\/wp-json\/wp\/v2\/users\/1"}],"replies":[{"embeddable":true,"href":"https:\/\/latrespace.com\/es\/wp-json\/wp\/v2\/comments?post=5963"}],"version-history":[{"count":0,"href":"https:\/\/latrespace.com\/es\/wp-json\/wp\/v2\/posts\/5963\/revisions"}],"wp:featuredmedia":[{"embeddable":true,"href":"https:\/\/latrespace.com\/es\/wp-json\/wp\/v2\/media\/756"}],"wp:attachment":[{"href":"https:\/\/latrespace.com\/es\/wp-json\/wp\/v2\/media?parent=5963"}],"wp:term":[{"taxonomy":"category","embeddable":true,"href":"https:\/\/latrespace.com\/es\/wp-json\/wp\/v2\/categories?post=5963"},{"taxonomy":"post_tag","embeddable":true,"href":"https:\/\/latrespace.com\/es\/wp-json\/wp\/v2\/tags?post=5963"}],"curies":[{"name":"wp","href":"https:\/\/api.w.org\/{rel}","templated":true}]}}