{"id":6024,"date":"2025-05-06T10:58:38","date_gmt":"2025-05-06T10:58:38","guid":{"rendered":"https:\/\/latrespace.com\/explorando-tiempo-y-lugar-en-coronal-de-b-s-eliud-acrewe\/"},"modified":"2025-05-06T10:58:38","modified_gmt":"2025-05-06T10:58:38","slug":"explorando-tiempo-y-lugar-en-coronal-de-b-s-eliud-acrewe","status":"publish","type":"post","link":"https:\/\/latrespace.com\/es\/explorando-tiempo-y-lugar-en-coronal-de-b-s-eliud-acrewe\/","title":{"rendered":"Explorando Tiempo y Lugar en &#8220;Coronal&#8221; de B. S. Eliud Acrewe"},"content":{"rendered":"<p>La obra <em>Coronal<\/em> de B. S. Eliud Acrewe presenta una compleja meditaci\u00f3n sobre el tiempo, el lugar y la condici\u00f3n humana. A trav\u00e9s de una serie de vi\u00f1etas interconectadas, el poema navega por temas de mortalidad, cambio y la b\u00fasqueda de significado en un mundo marcado tanto por la belleza como por la desolaci\u00f3n. Este an\u00e1lisis profundizar\u00e1 en las intrincadas im\u00e1genes del poema, su resonancia emocional y sus fundamentos filos\u00f3ficos, explorando c\u00f3mo Acrewe entrelaza la reflexi\u00f3n personal con observaciones m\u00e1s amplias sobre el mundo natural y el paso del tiempo.<\/p>\n<h2>I. Ecos del Tiempo y la Melancol\u00eda del Coronavirus<\/h2>\n<p>Los primeros versos establecen inmediatamente una preocupaci\u00f3n por el tiempo: &#8220;El tiempo presente y el tiempo pasado no son lo mismo, aunque puedan parecerlo a algunos ojos&#8221;. Esto prepara el escenario para un poema que se centra en la interacci\u00f3n del pasado, presente y futuro, y la experiencia subjetiva de su paso. La alusi\u00f3n a Hitomaro, un poeta cl\u00e1sico japon\u00e9s, insin\u00faa la universalidad de estas preocupaciones temporales a trav\u00e9s de culturas y \u00e9pocas. La intrusi\u00f3n de la &#8220;invisible melancol\u00eda del coronavirus&#8221; ancla el poema en un momento hist\u00f3rico espec\u00edfico, destacando la fragilidad de la vida y la interrupci\u00f3n de la normalidad.<\/p>\n<p>La yuxtaposici\u00f3n de la belleza natural \u2013 &#8220;Las rosas se abren en el jard\u00edn&#8221; \u2013 con las ansiedades de la pandemia crea un contraste conmovedor, reflejando la tendencia humana a buscar consuelo en el mundo natural en medio de la incertidumbre. El &#8220;zumbido del avi\u00f3n, el gemido del tren&#8221; sirven como recordatorios de la marcha implacable del progreso, incluso cuando la pandemia obliga a un estancamiento. Esta tensi\u00f3n entre movimiento y estasis se convierte en un motivo recurrente a lo largo del poema.<\/p>\n<h2>II. Quietud Dist\u00f3pica y el Barco del Estado<\/h2>\n<p>La segunda secci\u00f3n cambia a un paisaje m\u00e1s expl\u00edcitamente dist\u00f3pico. La &#8220;calle pavimentada, ancha y vac\u00eda&#8221; evoca una sensaci\u00f3n de inquietante quietud, que recuerda a un escenario postapocal\u00edptico. La imagen de la &#8220;gran subestaci\u00f3n el\u00e9ctrica&#8221; y sus imponentes estructuras sugiere el poder de la infraestructura humana, incluso en su desolaci\u00f3n.<\/p>\n<p>La comparaci\u00f3n de estas torres con &#8220;tumbas de gigantes&#8221; refuerza a\u00fan m\u00e1s el tema de la mortalidad y la naturaleza ef\u00edmera de los esfuerzos humanos. El &#8220;barco de hormig\u00f3n del estado, encajonado dentro de la red el\u00e9ctrica&#8221; se convierte en un potente s\u00edmbolo de las estructuras sociales que se enfrentan a un futuro incierto.<\/p>\n<h2>III. Un Viaje a Trav\u00e9s de la Desolaci\u00f3n y la Esperanza<\/h2>\n<p>La tercera secci\u00f3n introduce un viaje a trav\u00e9s de un desolado paisaje urbano. Las im\u00e1genes del &#8220;Sol abrasador&#8221; y las calles &#8220;blancas y cegadoras&#8221; intensifican la sensaci\u00f3n de vac\u00edo. El descenso por el &#8220;Calvario&#8221; a\u00f1ade una capa de peso simb\u00f3lico, sugiriendo un descenso al sufrimiento o a la dificultad. Sin embargo, en medio de la desolaci\u00f3n, surgen destellos de esperanza. Los &#8220;Jardines&#8221; que se vislumbran en la distancia ofrecen un posible refugio, una promesa de renovaci\u00f3n.<\/p>\n<p>La carretera llena de veh\u00edculos ofrece una imagen contrastante de movimiento y conexi\u00f3n, incluso cuando el hablante permanece aislado. Los versos finales \u2013 &#8220;Uno anhela la inmortalidad\u2026 hasta el \u00faltimo momento&#8221; \u2013 resumen la lucha humana por reconciliar el deseo de permanencia con la inevitabilidad de la muerte.<\/p>\n<h2>IV. Buscando Significado en un Mundo Silencioso<\/h2>\n<p>La cuarta secci\u00f3n marca un regreso a un tono m\u00e1s introspectivo. La ausencia de sonido \u2013 &#8220;Ning\u00fan cenzontle canta aqu\u00ed; no podemos o\u00edr un solo sonido&#8221; \u2013 subraya la sensaci\u00f3n de aislamiento. El &#8220;C\u00edrculo Carmes\u00ed&#8221; y el &#8220;Todo y el Fin de Todo&#8221; introducen s\u00edmbolos enigm\u00e1ticos, insinuando preguntas filos\u00f3ficas m\u00e1s profundas sobre la naturaleza de la existencia. La belleza fugaz del &#8220;ramo de Primavera&#8221; sirve como recordatorio de la naturaleza transitoria de las alegr\u00edas de la vida.<\/p>\n<h2>V. La Palabra y el Mundo<\/h2>\n<p>La secci\u00f3n final explora el poder del lenguaje y la b\u00fasqueda de significado. El concepto de la &#8220;Palabra&#8221; como una fuerza que da forma y define la realidad es central en esta secci\u00f3n. &#8220;La Palabra inscribe el Mundo&#8221; sugiere que el lenguaje no es simplemente una herramienta de comunicaci\u00f3n, sino un elemento fundamental de la conciencia humana. La &#8220;carga de la existencia&#8221; surge de la conciencia de nuestra propia mortalidad y las limitaciones del entendimiento humano.<\/p>\n<h2>Conclusi\u00f3n: Un Tapiz de Tiempo y Lugar<\/h2>\n<p><em>Coronal<\/em> es un poema multifac\u00e9tico que explora las complejidades de la experiencia humana a trav\u00e9s del lente del tiempo y el lugar. Las im\u00e1genes evocadoras de Acrewe, sus reflexiones filos\u00f3ficas y sus conmovedoras observaciones sobre la era de la pandemia crean una obra resonante y que invita a la reflexi\u00f3n. La estructura fragmentada del poema refleja la naturaleza fragmentada de la memoria y la experiencia subjetiva del tiempo. En \u00faltima instancia, <em>Coronal<\/em> invita a los lectores a lidiar con sus propias percepciones del tiempo, la mortalidad y la b\u00fasqueda de significado en un mundo en constante cambio.<\/p>\n","protected":false},"excerpt":{"rendered":"<p>La obra Coronal de B. S. Eliud Acrewe presenta una compleja meditaci\u00f3n sobre el tiempo, el lugar y la condici\u00f3n &#8230; <a title=\"Explorando Tiempo y Lugar en &#8220;Coronal&#8221; de B. S. Eliud Acrewe\" class=\"read-more\" href=\"https:\/\/latrespace.com\/es\/explorando-tiempo-y-lugar-en-coronal-de-b-s-eliud-acrewe\/\" aria-label=\"Leer m\u00e1s sobre Explorando Tiempo y Lugar en &#8220;Coronal&#8221; de B. S. Eliud Acrewe\"> <\/a><\/p>\n","protected":false},"author":1,"featured_media":0,"comment_status":"closed","ping_status":"closed","sticky":false,"template":"","format":"standard","meta":{"footnotes":""},"categories":[43],"tags":[],"class_list":["post-6024","post","type-post","status-publish","format-standard","hentry","category-poemas-favoritos","generate-columns","tablet-grid-50","mobile-grid-100","grid-parent","grid-25"],"lang":"es","translations":{"es":6024,"en":1581,"de":3877,"fr":4769},"_links":{"self":[{"href":"https:\/\/latrespace.com\/es\/wp-json\/wp\/v2\/posts\/6024","targetHints":{"allow":["GET"]}}],"collection":[{"href":"https:\/\/latrespace.com\/es\/wp-json\/wp\/v2\/posts"}],"about":[{"href":"https:\/\/latrespace.com\/es\/wp-json\/wp\/v2\/types\/post"}],"author":[{"embeddable":true,"href":"https:\/\/latrespace.com\/es\/wp-json\/wp\/v2\/users\/1"}],"replies":[{"embeddable":true,"href":"https:\/\/latrespace.com\/es\/wp-json\/wp\/v2\/comments?post=6024"}],"version-history":[{"count":0,"href":"https:\/\/latrespace.com\/es\/wp-json\/wp\/v2\/posts\/6024\/revisions"}],"wp:attachment":[{"href":"https:\/\/latrespace.com\/es\/wp-json\/wp\/v2\/media?parent=6024"}],"wp:term":[{"taxonomy":"category","embeddable":true,"href":"https:\/\/latrespace.com\/es\/wp-json\/wp\/v2\/categories?post=6024"},{"taxonomy":"post_tag","embeddable":true,"href":"https:\/\/latrespace.com\/es\/wp-json\/wp\/v2\/tags?post=6024"}],"curies":[{"name":"wp","href":"https:\/\/api.w.org\/{rel}","templated":true}]}}