{"id":6035,"date":"2025-05-06T11:37:35","date_gmt":"2025-05-06T11:37:35","guid":{"rendered":"https:\/\/latrespace.com\/la-vida-es-sueno-un-analisis-de-la-obra-maestra-de-calderon\/"},"modified":"2025-05-06T11:37:35","modified_gmt":"2025-05-06T11:37:35","slug":"la-vida-es-sueno-un-analisis-de-la-obra-maestra-de-calderon","status":"publish","type":"post","link":"https:\/\/latrespace.com\/es\/la-vida-es-sueno-un-analisis-de-la-obra-maestra-de-calderon\/","title":{"rendered":"La Vida es Sue\u00f1o: Un An\u00e1lisis de la Obra Maestra de Calder\u00f3n"},"content":{"rendered":"<p>La vida, como un sue\u00f1o. Este poderoso concepto, capturado en la frase &#8220;la vida en sue\u00f1os&#8221;, forma el coraz\u00f3n de la obra maestra barroca de Pedro Calder\u00f3n de la Barca, <em>La Vida Es Sue\u00f1o<\/em>. Esta obra profundiza en cuestiones trascendentales sobre el libre albedr\u00edo, el destino y la naturaleza de la realidad, tejiendo un complejo tapiz de hilos filos\u00f3ficos y emocionales.<\/p>\n<p><img decoding=\"async\" src=\"https:\/\/latrespace.com\/wp-content\/uploads\/2025\/05\/cover-of-la-vida-es-sueno.webp\" alt=\"Portada de La Vida Es Sue\u00f1o\" width=\"337\" height=\"550\" \/><em class=\"cap-ai\">Portada de La Vida Es Sue\u00f1o<\/em><\/p>\n<h2>El Laberinto del Destino y el Libre Albedr\u00edo<\/h2>\n<p>La obra de Calder\u00f3n nos presenta a Segismundo, un pr\u00edncipe encarcelado desde su nacimiento debido a una profec\u00eda que predec\u00eda su reinado tir\u00e1nico. Su vida, confinada dentro de una torre, se convierte en una met\u00e1fora de la condici\u00f3n humana, atrapada entre el destino y la ilusi\u00f3n de la elecci\u00f3n. El conflicto central de la obra surge cuando el rey Basilio, padre de Segismundo, decide poner a prueba la profec\u00eda otorgando temporalmente a su hijo la experiencia del reinado.<\/p>\n<h2>El Despertar de Segismundo: Un Sue\u00f1o de Poder<\/h2>\n<p>Este experimento arroja a Segismundo a un torbellino de confusi\u00f3n.  Lucha con el cambio repentino de una vida de privaciones a una de poder absoluto, cuestionando los l\u00edmites del sue\u00f1o y la realidad. Sus acciones, impulsadas por una rabia primigenia alimentada por a\u00f1os de aislamiento, parecen confirmar la profec\u00eda, lo que lleva a su r\u00e1pido regreso a la torre.<\/p>\n<h2>Los Ecos de &#8220;La Vida en Sue\u00f1os&#8221;<\/h2>\n<p>El motivo recurrente de &#8220;la vida en sue\u00f1os&#8221; resuena a lo largo de los soliloquios de Segismundo. Sus famosas l\u00edneas, &#8220;\u00a1Ay m\u00edsero de m\u00ed! \u00a1Y ay infelice!&#8221;, expresan la angustia de un hombre atrapado en un laberinto existencial, inseguro de si sus experiencias son reales o meras ilusiones fugaces.<\/p>\n<h2>La B\u00fasqueda de Rosaura y el Dilema de Clotaldo<\/h2>\n<p>Entrelazada con la dif\u00edcil situaci\u00f3n de Segismundo est\u00e1 la b\u00fasqueda de justicia de Rosaura y el agonizante dilema moral de Clotaldo. Rosaura, disfrazada de hombre, busca reclamar su honor, mientras que Clotaldo, el carcelero de Segismundo y padre desconocido de Rosaura, se debate entre la lealtad al rey y sus instintos paternos. Estas narrativas entrelazadas amplifican la exploraci\u00f3n de la obra sobre el honor, el deber y las complejidades de las relaciones humanas.<\/p>\n<h2>El Triunfo de la Raz\u00f3n y el Libre Albedr\u00edo<\/h2>\n<p>Finalmente, Segismundo, con una segunda oportunidad en el reinado, elige trascender la profec\u00eda. Abraza la raz\u00f3n y la compasi\u00f3n, demostrando que el libre albedr\u00edo puede moldear el destino, incluso frente a circunstancias aparentemente predeterminadas. Este acto de autodominio consolida el mensaje perdurable de la obra: que si bien la vida puede parecerse a un sue\u00f1o, poseemos el poder de despertar a nuestro verdadero potencial.<\/p>\n<h2>El Legado Perdurable de <em>La Vida Es Sue\u00f1o<\/em><\/h2>\n<p><em>La Vida Es Sue\u00f1o<\/em> de Calder\u00f3n contin\u00faa cautivando al p\u00fablico y a los estudiosos por igual. Su exploraci\u00f3n de &#8220;la vida en sue\u00f1os&#8221; resuena con las ansiedades humanas atemporales sobre la existencia, ofreciendo una poderosa reflexi\u00f3n sobre la interacci\u00f3n del destino, el libre albedr\u00edo y la naturaleza esquiva de la realidad misma.  Las profundas reflexiones de la obra sobre la condici\u00f3n humana aseguran su lugar como piedra angular de la literatura del Siglo de Oro espa\u00f1ol y una contribuci\u00f3n duradera al patrimonio dram\u00e1tico mundial.<\/p>\n","protected":false},"excerpt":{"rendered":"<p>La vida, como un sue\u00f1o. Este poderoso concepto, capturado en la frase &#8220;la vida en sue\u00f1os&#8221;, forma el coraz\u00f3n de &#8230; <a title=\"La Vida es Sue\u00f1o: Un An\u00e1lisis de la Obra Maestra de Calder\u00f3n\" class=\"read-more\" href=\"https:\/\/latrespace.com\/es\/la-vida-es-sueno-un-analisis-de-la-obra-maestra-de-calderon\/\" aria-label=\"Leer m\u00e1s sobre La Vida es Sue\u00f1o: Un An\u00e1lisis de la Obra Maestra de Calder\u00f3n\"> <\/a><\/p>\n","protected":false},"author":1,"featured_media":3541,"comment_status":"closed","ping_status":"closed","sticky":false,"template":"","format":"standard","meta":{"footnotes":""},"categories":[47],"tags":[],"class_list":["post-6035","post","type-post","status-publish","format-standard","has-post-thumbnail","hentry","category-poemas","generate-columns","tablet-grid-50","mobile-grid-100","grid-parent","grid-25"],"lang":"es","translations":{"es":6035,"en":3540,"de":4508,"fr":5880},"_links":{"self":[{"href":"https:\/\/latrespace.com\/es\/wp-json\/wp\/v2\/posts\/6035","targetHints":{"allow":["GET"]}}],"collection":[{"href":"https:\/\/latrespace.com\/es\/wp-json\/wp\/v2\/posts"}],"about":[{"href":"https:\/\/latrespace.com\/es\/wp-json\/wp\/v2\/types\/post"}],"author":[{"embeddable":true,"href":"https:\/\/latrespace.com\/es\/wp-json\/wp\/v2\/users\/1"}],"replies":[{"embeddable":true,"href":"https:\/\/latrespace.com\/es\/wp-json\/wp\/v2\/comments?post=6035"}],"version-history":[{"count":0,"href":"https:\/\/latrespace.com\/es\/wp-json\/wp\/v2\/posts\/6035\/revisions"}],"wp:featuredmedia":[{"embeddable":true,"href":"https:\/\/latrespace.com\/es\/wp-json\/wp\/v2\/media\/3541"}],"wp:attachment":[{"href":"https:\/\/latrespace.com\/es\/wp-json\/wp\/v2\/media?parent=6035"}],"wp:term":[{"taxonomy":"category","embeddable":true,"href":"https:\/\/latrespace.com\/es\/wp-json\/wp\/v2\/categories?post=6035"},{"taxonomy":"post_tag","embeddable":true,"href":"https:\/\/latrespace.com\/es\/wp-json\/wp\/v2\/tags?post=6035"}],"curies":[{"name":"wp","href":"https:\/\/api.w.org\/{rel}","templated":true}]}}