{"id":12662,"date":"2025-05-25T05:08:50","date_gmt":"2025-05-25T05:08:50","guid":{"rendered":"https:\/\/latrespace.com\/echos-du-verre-brise-la-poesie-face-a-la-nuit-de-cristal\/"},"modified":"2025-05-25T05:08:50","modified_gmt":"2025-05-25T05:08:50","slug":"echos-du-verre-brise-la-poesie-face-a-la-nuit-de-cristal","status":"publish","type":"post","link":"https:\/\/latrespace.com\/fr\/echos-du-verre-brise-la-poesie-face-a-la-nuit-de-cristal\/","title":{"rendered":"\u00c9chos du verre bris\u00e9 : La po\u00e9sie face \u00e0 la Nuit de Cristal"},"content":{"rendered":"<p>La nuit du 9 au 10 novembre 1938 s&rsquo;est inscrite dans l&rsquo;histoire sous le nom de Kristallnacht, ou la Nuit de Cristal. Ce pogrom parrain\u00e9 par l&rsquo;\u00c9tat contre le peuple juif \u00e0 travers l&rsquo;Allemagne et l&rsquo;Autriche annex\u00e9e par les Allemands fut une d\u00e9claration d&rsquo;intention cinglante du r\u00e9gime nazi, brisant des vies, des biens et l&rsquo;illusion de s\u00e9curit\u00e9. Tandis que les r\u00e9cits historiques, comme le texte fourni, d\u00e9taillent m\u00e9ticuleusement les \u00e9v\u00e9nements, les causes et l&rsquo;impact d\u00e9vastateur, la po\u00e9sie offre une perspective diff\u00e9rente \u2013 une perspective qui plonge dans le paysage \u00e9motionnel, l&rsquo;exp\u00e9rience humaine fractur\u00e9e et la r\u00e9sonance durable d&rsquo;un tel traumatisme. L&rsquo;imagerie puissante du \u00ab\u00a0verre bris\u00e9\u00a0\u00bb elle-m\u00eame est devenue un symbole fort, r\u00e9sonnant dans divers contextes de violence et de pers\u00e9cution, un th\u00e8me peut-\u00eatre intuitivement captur\u00e9 par des titres tels que le recueil de Feroz Rather <em>The Night of Broken Glass<\/em>, m\u00eame si son \u0153uvre explore une r\u00e9alit\u00e9 historique diff\u00e9rente, bien qu&rsquo;\u00e9galement poignante, au Cachemire.<\/p>\n<p>La capacit\u00e9 unique de la po\u00e9sie r\u00e9side dans sa facult\u00e9 \u00e0 condenser la souffrance humaine profonde et l&rsquo;atrocit\u00e9 historique en un langage \u00e9vocateur, mettant au d\u00e9fi les lecteurs de confronter les v\u00e9rit\u00e9s inconfortables du pass\u00e9. Contrairement \u00e0 un rapport historique qui pr\u00e9sente des faits et des chiffres, un po\u00e8me peut saisir la peur visc\u00e9rale, le silence gla\u00e7ant, la rage aveugle et la d\u00e9solation laiss\u00e9es dans le sillage d&rsquo;\u00e9v\u00e9nements comme la Nuit de Cristal. Analyser la po\u00e9sie qui aborde cette p\u00e9riode nous permet de comprendre non seulement <em>ce qui<\/em> s&rsquo;est pass\u00e9, mais <em>ce que l&rsquo;on a ressenti<\/em> en le vivant.<\/p>\n<h2>La toile historique : une source d&rsquo;inspiration po\u00e9tique<\/h2>\n<p>Les d\u00e9tails historiques pr\u00e9sent\u00e9s dans l&rsquo;article original fournissent la mati\u00e8re premi\u00e8re \u2013 la toile de l&rsquo;atrocit\u00e9 \u2013 que les po\u00e8tes transforment \u00e0 travers leur art. L&rsquo;assassinat d&rsquo;Ernst vom Rath, le sort d\u00e9sesp\u00e9r\u00e9 des Juifs polonais expuls\u00e9s vers la fronti\u00e8re, les violences orchestr\u00e9es par les voyous SS et SA, la mise \u00e0 sac des maisons, l&rsquo;incendie des synagogues, la brutalisation et l&rsquo;arrestation d&rsquo;individus \u2013 tous ces \u00e9v\u00e9nements deviennent des symboles et des r\u00e9cits puissants au sein des \u0153uvres po\u00e9tiques.<\/p>\n<p>L&rsquo;article original met en lumi\u00e8re des moments et des lieux cl\u00e9s :<\/p>\n<ul>\n<li>L&rsquo;expulsion des Juifs polonais, comme la famille Grynszpan, \u00e9chou\u00e9e dans des conditions \u00e9pouvantables pr\u00e8s de Zb\u0105szy\u0144. Cela humanise la politique, transformant des chiffres abstraits en souffrance concr\u00e8te.<\/li>\n<li>L&rsquo;acte d\u00e9sesp\u00e9r\u00e9 d&rsquo;Herschel Grynszpan tirant sur Ernst vom Rath \u00e0 Paris, catalyseur tragique de la violence planifi\u00e9e.<\/li>\n<li>La manipulation cynique par Joseph Goebbels de la mort de vom Rath pour d\u00e9clencher des repr\u00e9sailles \u00ab\u00a0spontan\u00e9es\u00a0\u00bb.<\/li>\n<li>Des t\u00e9moignages oculaires, comme le rapport du <em>New York Times<\/em> sur Munich, d\u00e9crivant des rues ayant l&rsquo;air \u00ab\u00a0comme si elles avaient \u00e9t\u00e9 attaqu\u00e9es par un avion de bombardement\u00a0\u00bb, ou le rapport poignant du consul am\u00e9ricain David Buffum depuis Leipzig d\u00e9taillant des habitations d\u00e9truites, des pillages, et un gar\u00e7on de dix-huit ans jet\u00e9 d&rsquo;une fen\u00eatre sur des meubles en feu.<\/li>\n<li>La destruction sp\u00e9cifique des synagogues et des commerces, et le ciblage d&rsquo;individus comme Oskar Wiesengrund \u00e0 Francfort ou la famille Fr\u00f6hlich \u00e0 Berlin.<\/li>\n<li>Les arrestations g\u00e9n\u00e9ralis\u00e9es, culminant avec la d\u00e9portation d&rsquo;environ 30 000 hommes juifs vers des camps de concentration comme Sachsenhausen, Dachau et Buchenwald \u2013 un pr\u00e9curseur terrifiant de l&rsquo;Holocauste.<\/li>\n<\/ul>\n<p>Ces faits historiques, racont\u00e9s avec des d\u00e9tails crus dans le texte source, fournissent une toile de fond sinistre que les po\u00e8tes abordent non pas comme de simples points de donn\u00e9es, mais comme des horreurs v\u00e9cues \u00e0 traiter, \u00e0 pleurer et \u00e0 m\u00e9moriser par le rythme, la m\u00e9taphore et l&rsquo;imagerie.<\/p>\n<p><img decoding=\"async\" src=\"https:\/\/latrespace.com\/wp-content\/uploads\/2025\/05\/bodyimage231ransackedjewishhomeinvienna.webp\" alt=\"Devanture vandalis\u00e9e d&#039;un magasin juif \u00e0 Berlin apr\u00e8s la Nuit de Cristal, novembre 1938.\" width=\"462\" height=\"368\" \/><em class=\"cap-ai\">Devanture vandalis\u00e9e d&#039;un magasin juif \u00e0 Berlin apr\u00e8s la Nuit de Cristal, novembre 1938.<\/em><\/p>\n<h2>Analyse des r\u00e9ponses po\u00e9tiques au verre bris\u00e9<\/h2>\n<p>La po\u00e9sie confrontant la Nuit de Cristal utilise souvent des dispositifs litt\u00e9raires puissants pour transmettre le traumatisme :<\/p>\n<ul>\n<li><strong>Imagerie :<\/strong> Les po\u00e8tes se concentrent fr\u00e9quemment sur des d\u00e9tails sensoriels tir\u00e9s directement des \u00e9v\u00e9nements historiques. L&rsquo;image omnipr\u00e9sente du verre bris\u00e9 \u2013 la traduction litt\u00e9rale de \u00ab\u00a0Kristallnacht\u00a0\u00bb \u2013 devient un symbole central, multifacette. Elle repr\u00e9sente non seulement la destruction physique, mais aussi la brisure de la confiance, de la communaut\u00e9 et de la s\u00e9curit\u00e9. Au-del\u00e0 du verre, les po\u00e8tes peuvent utiliser des images de feu consumant des lieux sacr\u00e9s (synagogues), de meubles renvers\u00e9s et de biens dispers\u00e9s (maisons mises \u00e0 sac), et de visages terrifi\u00e9s \u00e9clair\u00e9s par les flammes ou les lampadaires.<\/li>\n<li><strong>M\u00e9taphore et Symbolisme :<\/strong> Le feu n&rsquo;est pas seulement destruction ; il peut symboliser la rage purificatrice des agresseurs ou la destruction d&rsquo;un mode de vie. Les ombres repr\u00e9sentent le secret et la peur, tandis que les \u00e9chos \u00e9voquent le traumatisme persistant et les voix des disparus. Un rouleau de Torah d\u00e9chir\u00e9 symbolise la profanation de la foi et de l&rsquo;h\u00e9ritage.<\/li>\n<li><strong>Structure et Forme :<\/strong> La fragmentation des vies et des communaut\u00e9s pendant la Nuit de Cristal peut \u00eatre refl\u00e9t\u00e9e dans des formes po\u00e9tiques fragment\u00e9es, des vers bris\u00e9s ou des rythmes discordants. Inversement, certains po\u00e8tes pourraient utiliser des formes plus traditionnelles pour imposer un sentiment d&rsquo;ordre \u00e0 une horreur chaotique, ou comme un acte de pr\u00e9servation d\u00e9fiant.<\/li>\n<li><strong>Voix et Perspective :<\/strong> Les po\u00e8mes peuvent \u00eatre \u00e9crits du point de vue d&rsquo;une victime t\u00e9moignant de la destruction, d&rsquo;un survivant aux prises avec la m\u00e9moire, d&rsquo;un agresseur r\u00e9fl\u00e9chissant (rarement, voire jamais, avec empathie), ou d&rsquo;un observateur (comme Buffum ou le reporter du <em>New York Times<\/em>, mais rendu po\u00e9tiquement) tentant de comprendre l&rsquo;incompr\u00e9hensible. L&rsquo;utilisation de la premi\u00e8re personne (\u00ab\u00a0J&rsquo;ai vu,\u00a0\u00bb \u00ab\u00a0ma maison\u00a0\u00bb) renforce la connexion \u00e9motionnelle.<\/li>\n<\/ul>\n<p>Par exemple, un po\u00e8me pourrait s&rsquo;ouvrir sur le son \u2013 le craquement du verre bris\u00e9 sous les pieds, le rugissement des flammes, les cris. Il pourrait d\u00e9tailler la vision gla\u00e7ante d&rsquo;hommes SS en civil portant des haches et des pieds-de-biche, comme mentionn\u00e9 dans le rapport SA de Darmstadt cit\u00e9 dans le texte source. Il pourrait explorer le sentiment de trahison par les voisins ou la terreur d&rsquo;\u00eatre rassembl\u00e9 et envoy\u00e9 dans un camp comme Dachau, comme le montre l&rsquo;image des hommes d\u00e9port\u00e9s de Baden-Baden.<\/p>\n<p><img decoding=\"async\" src=\"https:\/\/latrespace.com\/wp-content\/uploads\/2025\/05\/bodyimage231ransackedjewishhomeinvienna.webp\" alt=\"Maison juive priv\u00e9e \u00e0 Vienne mise \u00e0 sac, novembre 1938.\" width=\"462\" height=\"368\" \/><em class=\"cap-ai\">Maison juive priv\u00e9e \u00e0 Vienne mise \u00e0 sac, novembre 1938.<\/em><\/p>\n<h2>La profondeur th\u00e9matique dans la po\u00e9sie de la Nuit de Cristal<\/h2>\n<p>La po\u00e9sie sur la Nuit de Cristal plonge dans des th\u00e8mes humains durables :<\/p>\n<ul>\n<li><strong>M\u00e9moire et T\u00e9moignage :<\/strong> Comment nous souvenons-nous de tels \u00e9v\u00e9nements ? La po\u00e9sie devient une forme de t\u00e9moignage, assurant que les atrocit\u00e9s ne soient pas oubli\u00e9es, combattant le d\u00e9ni et le r\u00e9visionnisme historique. Elle pr\u00e9serve l&rsquo;exp\u00e9rience individuelle au sein du r\u00e9cit historique plus large.<\/li>\n<li><strong>Perte et Absence :<\/strong> La destruction de biens, de centres communautaires et de vies cr\u00e9e un sentiment profond de perte. Les po\u00e8mes peuvent explorer l&rsquo;absence de ce qui \u00e9tait, le vide laiss\u00e9 derri\u00e8re, et la rupture de l&rsquo;histoire.<\/li>\n<li><strong>Traumatisme et R\u00e9silience :<\/strong> La po\u00e9sie peut articuler les blessures psychologiques inflig\u00e9es par la violence \u2013 la peur, le d\u00e9placement, la lutte pour reconstruire ou simplement survivre apr\u00e8s coup. Elle peut aussi effleurer l&rsquo;\u00e9tincelle de r\u00e9silience dans l&rsquo;esprit humain, la d\u00e9termination \u00e0 t\u00e9moigner et \u00e0 continuer.<\/li>\n<li><strong>La Nature du Mal :<\/strong> Des \u00e9v\u00e9nements comme la Nuit de Cristal forcent une confrontation avec la capacit\u00e9 de cruaut\u00e9 humaine. La po\u00e9sie peut explorer les racines de l&rsquo;antis\u00e9mitisme, les m\u00e9canismes de la d\u00e9shumanisation et la complicit\u00e9 des spectateurs passifs.<\/li>\n<li><strong>Silence et Parole :<\/strong> Qui parle au nom des victimes ? Qu&rsquo;est-ce qui est perdu dans le silence ? La po\u00e9sie donne une voix \u00e0 ceux qui ont \u00e9t\u00e9 r\u00e9duits au silence par la violence et tente d&rsquo;articuler l&rsquo;horreur inarticulable.<\/li>\n<\/ul>\n<p>\u00c0 travers ces th\u00e8mes, les po\u00e8tes relient l&rsquo;instance historique sp\u00e9cifique de la Nuit de Cristal \u00e0 des questions universelles sur les droits humains, la pers\u00e9cution et la fragilit\u00e9 de la civilisation.<\/p>\n<p><img decoding=\"async\" src=\"https:\/\/latrespace.com\/wp-content\/uploads\/2025\/05\/bodyimage234herzogrudolfstrassesynagogueinmunich.webp\" alt=\"Synagogue Herzog Rudolfstrasse d\u00e9molie \u00e0 Munich, novembre 1938.\" width=\"426\" height=\"316\" \/><em class=\"cap-ai\">Synagogue Herzog Rudolfstrasse d\u00e9molie \u00e0 Munich, novembre 1938.<\/em><\/p>\n<h2>L&rsquo;\u00e9cho persistant : titres et th\u00e8mes<\/h2>\n<p>Alors que <em>The Night of Broken Glass<\/em> de Feroz Rather est un recueil d&rsquo;histoires sur le conflit au Cachemire, et non un r\u00e9cit historique ou un po\u00e8me sur la Nuit de Cristal de 1938, le choix du titre lui-m\u00eame t\u00e9moigne de l&rsquo;imagerie puissante et transf\u00e9rable du \u00ab\u00a0verre bris\u00e9\u00a0\u00bb comme symbole d&rsquo;un effondrement soci\u00e9tal soudain et violent et de la brisure des vies. Cela souligne comment les symboles historiques puissants peuvent r\u00e9sonner \u00e0 travers diff\u00e9rents contextes de traumatisme. Une analyse litt\u00e9raire de l&rsquo;\u0153uvre de Rather se concentrerait sur ses techniques de prose, sa structure narrative et les r\u00e9alit\u00e9s historiques et sociales sp\u00e9cifiques du Cachemire, mais le titre s&rsquo;appuie implicitement sur un lexique universel de la violence initi\u00e9e lors d&rsquo;une \u00ab\u00a0nuit\u00a0\u00bb sp\u00e9cifique.<\/p>\n<p>Cette connexion, bien que par le titre plut\u00f4t que par le sujet direct, souligne comment le terme \u00ab\u00a0Nuit de Cristal\u00a0\u00bb est entr\u00e9 dans la conscience collective comme un raccourci pour la violence parrain\u00e9e par l&rsquo;\u00c9tat contre un groupe cibl\u00e9. La po\u00e9sie, en analysant l&rsquo;\u00e9v\u00e9nement original ou en explorant des th\u00e8mes similaires dans d&rsquo;autres contextes, continue de puiser dans le poids \u00e9motionnel de cette expression et de le renforcer.<\/p>\n<p><img decoding=\"async\" src=\"https:\/\/latrespace.com\/wp-content\/uploads\/2025\/05\/bodyimage235synagogueburninginoberamstadtushmm.webp\" alt=\"Synagogue en feu \u00e0 Ober-Ramstadt, tandis que des pompiers allemands tentent de sauver des biens &quot;aryens&quot;.\" width=\"425\" height=\"370\" \/><em class=\"cap-ai\">Synagogue en feu \u00e0 Ober-Ramstadt, tandis que des pompiers allemands tentent de sauver des biens &quot;aryens&quot;.<\/em><\/p>\n<h2>Conclusion<\/h2>\n<p>La Nuit de Cristal en 1938 a \u00e9t\u00e9 un tournant, une escalade horrific de la pers\u00e9cution nazie qui a pr\u00e9figur\u00e9 l&rsquo;Holocauste. Tandis que l&rsquo;analyse historique fournit une compr\u00e9hension factuelle cruciale, la po\u00e9sie offre une avenue indispensable pour appr\u00e9hender les dimensions humaines et \u00e9motionnelles de cette atrocit\u00e9. En transformant les faits historiques en imagerie puissante, en symboles et en r\u00e9cits, la po\u00e9sie garantit que la m\u00e9moire de la Nuit de Cristal reste vivide et \u00e9motionnellement r\u00e9sonnante. Elle nous rappelle la fragilit\u00e9 de la paix, les cons\u00e9quences d\u00e9vastatrices de la haine et le besoin persistant de t\u00e9moigner. L&rsquo;expression \u00ab\u00a0Nuit de Cristal\u00a0\u00bb, qu&rsquo;elle soit utilis\u00e9e dans un contexte historique ou qu&rsquo;elle fasse \u00e9cho dans un titre litt\u00e9raire abordant diff\u00e9rentes formes de traumatisme, conserve son pouvoir gla\u00e7ant, servant de rappel perp\u00e9tuel d&rsquo;un moment sombre de l&rsquo;histoire et des nombreuses fa\u00e7ons dont les soci\u00e9t\u00e9s peuvent \u00eatre bris\u00e9es.<\/p>\n","protected":false},"excerpt":{"rendered":"<p>La nuit du 9 au 10 novembre 1938 s&rsquo;est inscrite dans l&rsquo;histoire sous le nom de Kristallnacht, ou la Nuit &#8230; <a title=\"\u00c9chos du verre bris\u00e9 : La po\u00e9sie face \u00e0 la Nuit de Cristal\" class=\"read-more\" href=\"https:\/\/latrespace.com\/fr\/echos-du-verre-brise-la-poesie-face-a-la-nuit-de-cristal\/\" aria-label=\"Read more about \u00c9chos du verre bris\u00e9 : La po\u00e9sie face \u00e0 la Nuit de Cristal\"> <\/a><\/p>\n","protected":false},"author":1,"featured_media":6984,"comment_status":"closed","ping_status":"closed","sticky":false,"template":"","format":"standard","meta":{"footnotes":""},"categories":[59],"tags":[],"class_list":["post-12662","post","type-post","status-publish","format-standard","has-post-thumbnail","hentry","category-poemes","generate-columns","tablet-grid-50","mobile-grid-100","grid-parent","grid-25"],"lang":"fr","translations":{"fr":12662,"en":6983,"es":14900,"de":15254},"_links":{"self":[{"href":"https:\/\/latrespace.com\/fr\/wp-json\/wp\/v2\/posts\/12662","targetHints":{"allow":["GET"]}}],"collection":[{"href":"https:\/\/latrespace.com\/fr\/wp-json\/wp\/v2\/posts"}],"about":[{"href":"https:\/\/latrespace.com\/fr\/wp-json\/wp\/v2\/types\/post"}],"author":[{"embeddable":true,"href":"https:\/\/latrespace.com\/fr\/wp-json\/wp\/v2\/users\/1"}],"replies":[{"embeddable":true,"href":"https:\/\/latrespace.com\/fr\/wp-json\/wp\/v2\/comments?post=12662"}],"version-history":[{"count":0,"href":"https:\/\/latrespace.com\/fr\/wp-json\/wp\/v2\/posts\/12662\/revisions"}],"wp:featuredmedia":[{"embeddable":true,"href":"https:\/\/latrespace.com\/fr\/wp-json\/wp\/v2\/media\/6984"}],"wp:attachment":[{"href":"https:\/\/latrespace.com\/fr\/wp-json\/wp\/v2\/media?parent=12662"}],"wp:term":[{"taxonomy":"category","embeddable":true,"href":"https:\/\/latrespace.com\/fr\/wp-json\/wp\/v2\/categories?post=12662"},{"taxonomy":"post_tag","embeddable":true,"href":"https:\/\/latrespace.com\/fr\/wp-json\/wp\/v2\/tags?post=12662"}],"curies":[{"name":"wp","href":"https:\/\/api.w.org\/{rel}","templated":true}]}}