{"id":12932,"date":"2025-05-25T07:14:42","date_gmt":"2025-05-25T07:14:42","guid":{"rendered":"https:\/\/latrespace.com\/the-garden-de-marvell-nature-solitude-et-esprit\/"},"modified":"2025-05-25T07:14:42","modified_gmt":"2025-05-25T07:14:42","slug":"the-garden-de-marvell-nature-solitude-et-esprit","status":"publish","type":"post","link":"https:\/\/latrespace.com\/fr\/the-garden-de-marvell-nature-solitude-et-esprit\/","title":{"rendered":"\u00ab\u00a0The Garden\u00a0\u00bb de Marvell : Nature, solitude et esprit"},"content":{"rendered":"<p>Le po\u00e8me \u00ab\u00a0The Garden\u00a0\u00bb d&rsquo;Andrew Marvell est plus qu&rsquo;une simple pastorale ; c&rsquo;est une exploration complexe de la nature, de la solitude et de l&rsquo;esprit humain. Le po\u00e8me met en sc\u00e8ne un locuteur qui trouve r\u00e9confort et \u00e9veil intellectuel dans les limites d&rsquo;un jardin, rejetant les vanit\u00e9s de la soci\u00e9t\u00e9 humaine pour la tranquillit\u00e9 du monde naturel. Cette analyse explore la riche imagerie, le symbolisme et les fondements philosophiques du po\u00e8me, r\u00e9v\u00e9lant sa puissance et sa pertinence durables.<\/p>\n<h2>La sup\u00e9riorit\u00e9 de la nature : Un rejet des ambitions mondaines<\/h2>\n<p>Marvell \u00e9tablit imm\u00e9diatement un contraste entre les vaines ambitions de l&rsquo;humanit\u00e9 et la paix intrins\u00e8que trouv\u00e9e dans la nature. Les hommes \u00ab\u00a0&#8230;vainement&#8230; s&rsquo;\u00e9tonnent \/ Pour gagner la palme, le ch\u00eane, ou les lauriers\u00a0\u00bb, cherchant la reconnaissance par des accomplissements mondains symbolis\u00e9s par ces plantes. Le jardin, cependant, offre un autre type de r\u00e9compense : le \u00ab\u00a0repos\u00a0\u00bb. Ce contraste met en \u00e9vidence le th\u00e8me central du po\u00e8me : la sup\u00e9riorit\u00e9 de la nature sur les constructions humaines. Le locuteur trouve \u00ab\u00a0la Douce Qui\u00e9tude\u00a0\u00bb et \u00ab\u00a0l&rsquo;Innocence\u00a0\u00bb au sein du jardin, sugg\u00e9rant une puret\u00e9 morale absente dans les \u00ab\u00a0compagnies affair\u00e9es d&rsquo;hommes\u00a0\u00bb. Cela renforce le r\u00f4le du jardin en tant que sanctuaire, un espace de ressourcement moral et intellectuel.<\/p>\n<h2>L&rsquo;attrait du vert : Une c\u00e9l\u00e9bration de la beaut\u00e9 naturelle<\/h2>\n<p>L&rsquo;imagerie vivante du po\u00e8me \u00e9l\u00e8ve le jardin au-del\u00e0 d&rsquo;un espace physique. \u00ab\u00a0Aucun blanc ni rouge ne fut jamais vu \/ Aussi amoureux que ce vert charmant\u00a0\u00bb, d\u00e9clare le locuteur, soulignant l&rsquo;attrait sensuel du monde naturel. Ce \u00ab\u00a0vert charmant\u00a0\u00bb surpasse m\u00eame la beaut\u00e9 de l&rsquo;amour romantique, qui est d\u00e9peint comme destructeur, avec \u00ab\u00a0les amoureux tendres, cruels comme leur flamme, \/ Taillent dans ces arbres le nom de leur ma\u00eetresse\u00a0\u00bb. Cet acte d&rsquo;inscription est une violation de la puret\u00e9 naturelle du jardin, soulignant davantage la critique du po\u00e8me \u00e0 l&rsquo;\u00e9gard de l&rsquo;intervention humaine.<\/p>\n<h2>Transformations mythologiques : La puissance durable de la nature<\/h2>\n<p>Marvell tisse la mythologie classique dans le po\u00e8me, renfor\u00e7ant le pouvoir transformateur de la nature. Il fait allusion \u00e0 la poursuite de Daphn\u00e9 par Apollon et \u00e0 celle de Syrinx par Pan, toutes deux transform\u00e9es en plantes \u2013 le laurier et le roseau, respectivement. Ces transformations soulignent la pr\u00e9sence durable du monde naturel, sugg\u00e9rant que m\u00eame les dieux sont finalement absorb\u00e9s dans son \u00e9treinte. Cela renforce la qualit\u00e9 intemporelle du jardin, son existence au-del\u00e0 des pr\u00e9occupations \u00e9ph\u00e9m\u00e8res de la vie humaine.<\/p>\n<h2>Un festin pour les sens : Abondance et indulgence<\/h2>\n<p>Le jardin est un lieu d&rsquo;abondance sensuelle. \u00ab\u00a0Les pommes m\u00fbres tombent autour de ma t\u00eate\u00a0\u00bb, et \u00ab\u00a0Les grappes succulentes de la vigne \/ \u00c9crasent leur vin sur ma bouche\u00a0\u00bb. Cette imagerie cr\u00e9e un sentiment de plaisir sans effort, sugg\u00e9rant une relation harmonieuse entre les humains et la nature. Le locuteur est passif, r\u00e9ceptif \u00e0 la g\u00e9n\u00e9rosit\u00e9 du jardin. Cela contraste fortement avec la nature active et entreprenante de l&rsquo;ambition humaine d\u00e9peinte plus t\u00f4t dans le po\u00e8me.<\/p>\n<h2>Le jardin de l&rsquo;esprit : Paix int\u00e9rieure et exploration intellectuelle<\/h2>\n<p>Le jardin n&rsquo;est pas seulement un espace physique, mais aussi une m\u00e9taphore de l&rsquo;esprit. \u00ab\u00a0Pendant ce temps l&rsquo;esprit, du plaisir moindre, \/ Se retire en son bonheur\u00a0\u00bb, r\u00e9v\u00e9lant un passage des stimuli externes \u00e0 la r\u00e9flexion interne. L&rsquo;esprit devient \u00ab\u00a0cet oc\u00e9an o\u00f9 chaque esp\u00e8ce \/ Trouve directement sa propre ressemblance\u00a0\u00bb, sugg\u00e9rant une capacit\u00e9 d&rsquo;auto-r\u00e9flexion et de compr\u00e9hension. Cependant, l&rsquo;esprit \u00ab\u00a0cr\u00e9e aussi, transcendant cela, \/ De bien autres mondes, et d&rsquo;autres mers\u00a0\u00bb, soulignant son pouvoir cr\u00e9atif. L&rsquo;image finale d&rsquo;une \u00ab\u00a0pens\u00e9e verte dans une ombre verte\u00a0\u00bb encapsule l&rsquo;id\u00e9e centrale du po\u00e8me : la fusion de l&rsquo;esprit et de la nature, menant \u00e0 un \u00e9panouissement intellectuel et spirituel.<\/p>\n<h2>Conclusion : Trouver le paradis dans la solitude<\/h2>\n<p>\u00ab\u00a0The Garden\u00a0\u00bb se termine par une r\u00e9flexion sur l&rsquo;\u00e9tat originel du jardin, un temps \u00ab\u00a0O\u00f9 l&rsquo;homme s&rsquo;y promenait sans compagne\u00a0\u00bb. Cette image d&rsquo;existence solitaire sugg\u00e8re un id\u00e9al pr\u00e9-lapsaire, un \u00e9tat de communion pure avec la nature. Les vers finaux, \u00ab\u00a0Deux paradis ce seraient en un \/ De vivre en paradis seul\u00a0\u00bb, renforcent la c\u00e9l\u00e9bration de la solitude et du pouvoir transformateur du monde naturel dans le po\u00e8me. Le po\u00e8me de Marvell offre finalement une vision du paradis trouv\u00e9 non pas dans la compagnie humaine, mais dans la contemplation tranquille et l&rsquo;exploration intellectuelle offertes par le jardin.<\/p>\n","protected":false},"excerpt":{"rendered":"<p>Le po\u00e8me \u00ab\u00a0The Garden\u00a0\u00bb d&rsquo;Andrew Marvell est plus qu&rsquo;une simple pastorale ; c&rsquo;est une exploration complexe de la nature, de &#8230; <a title=\"\u00ab\u00a0The Garden\u00a0\u00bb de Marvell : Nature, solitude et esprit\" class=\"read-more\" href=\"https:\/\/latrespace.com\/fr\/the-garden-de-marvell-nature-solitude-et-esprit\/\" aria-label=\"Read more about \u00ab\u00a0The Garden\u00a0\u00bb de Marvell : Nature, solitude et esprit\"> <\/a><\/p>\n","protected":false},"author":1,"featured_media":0,"comment_status":"closed","ping_status":"closed","sticky":false,"template":"","format":"standard","meta":{"footnotes":""},"categories":[55],"tags":[],"class_list":["post-12932","post","type-post","status-publish","format-standard","hentry","category-poemes-preferes","generate-columns","tablet-grid-50","mobile-grid-100","grid-parent","grid-25"],"lang":"fr","translations":{"fr":12932,"en":1328,"de":5027,"es":5413},"_links":{"self":[{"href":"https:\/\/latrespace.com\/fr\/wp-json\/wp\/v2\/posts\/12932","targetHints":{"allow":["GET"]}}],"collection":[{"href":"https:\/\/latrespace.com\/fr\/wp-json\/wp\/v2\/posts"}],"about":[{"href":"https:\/\/latrespace.com\/fr\/wp-json\/wp\/v2\/types\/post"}],"author":[{"embeddable":true,"href":"https:\/\/latrespace.com\/fr\/wp-json\/wp\/v2\/users\/1"}],"replies":[{"embeddable":true,"href":"https:\/\/latrespace.com\/fr\/wp-json\/wp\/v2\/comments?post=12932"}],"version-history":[{"count":0,"href":"https:\/\/latrespace.com\/fr\/wp-json\/wp\/v2\/posts\/12932\/revisions"}],"wp:attachment":[{"href":"https:\/\/latrespace.com\/fr\/wp-json\/wp\/v2\/media?parent=12932"}],"wp:term":[{"taxonomy":"category","embeddable":true,"href":"https:\/\/latrespace.com\/fr\/wp-json\/wp\/v2\/categories?post=12932"},{"taxonomy":"post_tag","embeddable":true,"href":"https:\/\/latrespace.com\/fr\/wp-json\/wp\/v2\/tags?post=12932"}],"curies":[{"name":"wp","href":"https:\/\/api.w.org\/{rel}","templated":true}]}}