{"id":14352,"date":"2025-05-25T19:45:12","date_gmt":"2025-05-25T19:45:12","guid":{"rendered":"https:\/\/latrespace.com\/hommage-poetique-celebrer-les-100-ans-de-flannery-oconnor\/"},"modified":"2025-05-25T19:45:12","modified_gmt":"2025-05-25T19:45:12","slug":"hommage-poetique-celebrer-les-100-ans-de-flannery-oconnor","status":"publish","type":"post","link":"https:\/\/latrespace.com\/fr\/hommage-poetique-celebrer-les-100-ans-de-flannery-oconnor\/","title":{"rendered":"Hommage po\u00e9tique : C\u00e9l\u00e9brer les 100 ans de Flannery O&rsquo;Connor"},"content":{"rendered":"<p>Flannery O&rsquo;Connor, l&rsquo;\u00e9crivaine de Gothic sudiste renomm\u00e9e, connue pour sa prose incisive et son exploration sans concessions de la foi et du grotesque, aurait c\u00e9l\u00e9br\u00e9 son 100e anniversaire le 25 mars 2025. Pour comm\u00e9morer ce jalon litt\u00e9raire, nous nous plongeons dans l&rsquo;\u0153uvre d&rsquo;Angela Alaimo O&rsquo;Donnell, une po\u00e9tesse qui s&rsquo;est profond\u00e9ment pench\u00e9e sur l&rsquo;h\u00e9ritage d&rsquo;O&rsquo;Connor. Le recueil d&rsquo;O&rsquo;Donnell, <em>Andalusian Hours: Poems from the Porch of Flannery<\/em>, offre une perspective unique sur la vie et l&rsquo;\u0153uvre d&rsquo;O&rsquo;Connor, saisissant l&rsquo;essence de ses racines sudistes et de sa spiritualit\u00e9 complexe. Ici, nous partageons des extraits du recueil d&rsquo;O&rsquo;Donnell, ainsi qu&rsquo;un nouveau po\u00e8me \u00e9crit sp\u00e9cifiquement pour le centenaire d&rsquo;O&rsquo;Connor.<\/p>\n<h2>L&rsquo;anniversaire de Flannery<\/h2>\n<p>Inspir\u00e9 par une phrase d&rsquo;une lettre d&rsquo;O&rsquo;Connor \u2013 \u00ab Eh bien, je vous remercie pour votre message d&rsquo;anniversaire. J&rsquo;ai trente-cinq ans et j&rsquo;ai encore toutes mes dents \u00bb \u2013 ce po\u00e8me imagine la perspective d&rsquo;O&rsquo;Connor sur les anniversaires, en particulier depuis le point de vue de ne plus les avoir.<\/p>\n<pre><code>Je ne savais pas que je n'en aurais que quatre de plus. Les anniversaires ne signifiaient pas grand-chose pour moi\njusqu'\u00e0 ce que j'arr\u00eate d'en avoir. Maintenant, ils me semblent une douceur que chaque humano\u00efde devrait savourer,\nun jour pour le g\u00e2teau et la contrition pour toutes les choses que vous avez faites et n'avez pas pu faire\net que vous ne ferez peut-\u00eatre jamais, \u00e9tant donn\u00e9 l'appel que nous recevons tous mais auquel nous ne nous attendons vraiment pas\npour sortir de cette f\u00eate que nous appelons la vie. Le couteau que j'utilise pour couper mon g\u00e2teau est aiguis\u00e9.\nComme mon \u0153il et ma plume. Mes histoires sont pleines de gens qui ont besoin d'une lumi\u00e8re\npour se voir. Peut-\u00eatre qu'une bougie est la meilleure, une chanson d'anniversaire\nnous rappelant \u00e0 tous que nous ne serons pas l\u00e0 longtemps.<\/code><\/pre>\n<h2>Flannery et le Dragon<\/h2>\n<p>Ce po\u00e8me s&rsquo;inspire d&rsquo;une citation d&rsquo;O&rsquo;Connor sur le dragon qui est assis au bord du chemin, regardant ceux qui passent. Il refl\u00e8te le r\u00f4le du \u00ab dragon \u00bb \u2013 repr\u00e9sentant peut-\u00eatre la mortalit\u00e9, la souffrance ou les aspects les plus sombres de la nature humaine \u2013 dans l&rsquo;\u00e9criture d&rsquo;O&rsquo;Connor.<\/p>\n<pre><code>Le dragon appara\u00eet quotidiennement \u00e0 mon bureau, dresse sa t\u00eate ardente et souffle son haleine chaude\nsur toutes les touches de ma machine \u00e0 \u00e9crire, roussissant la page, la barre d'espacement chaude au toucher.\nIl ne me d\u00e9range pas. Je ne me demande m\u00eame plus \u00ab Pourquoi moi ? \u00bb\nMa muse est la mort v\u00eatue de rage et de feu, affam\u00e9e d'imb\u00e9ciles humains.\nEt j'en ai un million.\nLes vies que je sauve sont toutes les miennes. Elles me sont ch\u00e8res comme des enfants.\nTant de mon amour consacr\u00e9 \u00e0 l'invention. Il attend, impatient, tandis qu'ils passent chacun,\nles aveugles et les boiteux, les sourds et les muets. Cela me fait mal d'en perdre m\u00eame un seul.<\/code><\/pre>\n<h2>Le feu de Flannery<\/h2>\n<p>Inspir\u00e9 par l&rsquo;imagerie de la lumi\u00e8re et du feu dans l&rsquo;\u0153uvre d&rsquo;O&rsquo;Connor, ce po\u00e8me \u00e9voque la beaut\u00e9 vibrante, parfois rude, du paysage sudiste et son reflet dans son \u00e9criture.<\/p>\n<pre><code>C'est \u00e7a la beaut\u00e9, vivre ici o\u00f9 le soleil vient chaque jour et o\u00f9 les arbres\nsemblent \u00e9clair\u00e9s de l'int\u00e9rieur, quelque feu secret allumant le monde qui \u00e9tincelle\nmais ne flambe pas. Le m\u00eame feu est en moi, alors je sais ce que c'est que de br\u00fbler\n\u00e0 petit feu sans que personne ne voie la gloire tranquille que tu es, combien tes feuilles sont brillantes\net chaque tige polie qui scintille dans la lumi\u00e8re blanche, ce que \u00e7a signifie\nd'\u00eatre m\u00e9chant et pourtant charmant et aim\u00e9 par le cr\u00e9ateur qui t'a fait ainsi\nplein d'envie de merveilles et d'esprit fou et ardent.\nCe n'est pas quelque chose que l'on voit tous les jours\n\u00e0 moins de vivre ici. Alors je reste.<\/code><\/pre>\n<h2>Un h\u00e9ritage de mots<\/h2>\n<p>Ces po\u00e8mes, n\u00e9s d&rsquo;une profonde immersion dans l&rsquo;\u00e9criture de Flannery O&rsquo;Connor, offrent un aper\u00e7u de la puissance durable de sa vision litt\u00e9raire. Ils servent d&rsquo;hommage appropri\u00e9 \u00e0 l&rsquo;occasion du centenaire de sa naissance, invitant les lecteurs \u00e0 revisiter son \u0153uvre et \u00e0 d\u00e9couvrir de nouvelles couches de sens au sein de sa prose \u00e9vocatrice. La voix po\u00e9tique d&rsquo;Angela Alaimo O&rsquo;Donnell ajoute une autre dimension \u00e0 notre compr\u00e9hension d&rsquo;O&rsquo;Connor, soulignant la complexit\u00e9 et la pertinence durable de ses contributions \u00e0 la litt\u00e9rature am\u00e9ricaine.<\/p>\n","protected":false},"excerpt":{"rendered":"<p>Flannery O&rsquo;Connor, l&rsquo;\u00e9crivaine de Gothic sudiste renomm\u00e9e, connue pour sa prose incisive et son exploration sans concessions de la foi &#8230; <a title=\"Hommage po\u00e9tique : C\u00e9l\u00e9brer les 100 ans de Flannery O&rsquo;Connor\" class=\"read-more\" href=\"https:\/\/latrespace.com\/fr\/hommage-poetique-celebrer-les-100-ans-de-flannery-oconnor\/\" aria-label=\"Read more about Hommage po\u00e9tique : C\u00e9l\u00e9brer les 100 ans de Flannery O&rsquo;Connor\"> <\/a><\/p>\n","protected":false},"author":1,"featured_media":0,"comment_status":"closed","ping_status":"closed","sticky":false,"template":"","format":"standard","meta":{"footnotes":""},"categories":[55],"tags":[],"class_list":["post-14352","post","type-post","status-publish","format-standard","hentry","category-poemes-preferes","generate-columns","tablet-grid-50","mobile-grid-100","grid-parent","grid-25"],"lang":"fr","translations":{"fr":14352,"en":1934,"es":5646,"de":10855},"_links":{"self":[{"href":"https:\/\/latrespace.com\/fr\/wp-json\/wp\/v2\/posts\/14352","targetHints":{"allow":["GET"]}}],"collection":[{"href":"https:\/\/latrespace.com\/fr\/wp-json\/wp\/v2\/posts"}],"about":[{"href":"https:\/\/latrespace.com\/fr\/wp-json\/wp\/v2\/types\/post"}],"author":[{"embeddable":true,"href":"https:\/\/latrespace.com\/fr\/wp-json\/wp\/v2\/users\/1"}],"replies":[{"embeddable":true,"href":"https:\/\/latrespace.com\/fr\/wp-json\/wp\/v2\/comments?post=14352"}],"version-history":[{"count":0,"href":"https:\/\/latrespace.com\/fr\/wp-json\/wp\/v2\/posts\/14352\/revisions"}],"wp:attachment":[{"href":"https:\/\/latrespace.com\/fr\/wp-json\/wp\/v2\/media?parent=14352"}],"wp:term":[{"taxonomy":"category","embeddable":true,"href":"https:\/\/latrespace.com\/fr\/wp-json\/wp\/v2\/categories?post=14352"},{"taxonomy":"post_tag","embeddable":true,"href":"https:\/\/latrespace.com\/fr\/wp-json\/wp\/v2\/tags?post=14352"}],"curies":[{"name":"wp","href":"https:\/\/api.w.org\/{rel}","templated":true}]}}