{"id":3896,"date":"2025-05-03T16:31:28","date_gmt":"2025-05-03T16:31:28","guid":{"rendered":"https:\/\/latrespace.com\/le-christ-de-saint-jean-de-la-croix-de-dali-un-chef-doeuvre-metaphysique\/"},"modified":"2025-05-03T16:31:28","modified_gmt":"2025-05-03T16:31:28","slug":"le-christ-de-saint-jean-de-la-croix-de-dali-un-chef-doeuvre-metaphysique","status":"publish","type":"post","link":"https:\/\/latrespace.com\/fr\/le-christ-de-saint-jean-de-la-croix-de-dali-un-chef-doeuvre-metaphysique\/","title":{"rendered":"Le Christ de Saint Jean de la Croix de Dal\u00ed : Un chef-d&rsquo;\u0153uvre m\u00e9taphysique"},"content":{"rendered":"<p>Le <em>Christ de Saint Jean de la Croix<\/em> de Salvador Dal\u00ed est sans doute son \u0153uvre religieuse la plus c\u00e9l\u00e8bre. La perspective dramatique du tableau, avec le Christ suspendu au-dessus d&rsquo;un paysage sombre et d&rsquo;une baie paisible, captive imm\u00e9diatement le regard. Cette image embl\u00e9matique, profond\u00e9ment enracin\u00e9e dans l&rsquo;histoire religieuse et artistique, continue de fasciner et d&rsquo;inspirer l&rsquo;admiration.<\/p>\n<p><img decoding=\"async\" src=\"https:\/\/latrespace.com\/wp-content\/uploads\/2025\/05\/christ-of-saint-john-of-the-cross-1951-by-salvador-dali.webp\" alt=\"Le Christ de Saint Jean de la Croix, 1951 par Salvador Dal\u00ed\" width=\"500\" height=\"892\" \/><em class=\"cap-ai\">Le Christ de Saint Jean de la Croix, 1951 par Salvador Dal\u00ed<\/em><\/p>\n<p>L&rsquo;inspiration pour ce chef-d&rsquo;\u0153uvre de Dal\u00ed provient d&rsquo;un dessin de Saint Jean de la Croix lui-m\u00eame, conserv\u00e9 au Couvent de l&rsquo;Incarnation \u00e0 Avila, en Espagne. Ce dessin, repr\u00e9sentant le Christ vu lors d&rsquo;une extase mystique, a servi de base \u00e0 la vision de Dal\u00ed. Il a m\u00e9ticuleusement traduit cette exp\u00e9rience spirituelle sur la toile, en y ajoutant ses propres interpr\u00e9tations surr\u00e9alistes.<\/p>\n<p>Dal\u00ed a \u00e9galement incorpor\u00e9 des \u00e9l\u00e9ments d&rsquo;autres ma\u00eetres de l&rsquo;art. Les personnages rassembl\u00e9s pr\u00e8s du bateau au bas du tableau s&rsquo;inspirent des \u0153uvres de Le Nain et de <em>La Reddition de Breda<\/em> de Diego Vel\u00e1zquez. Ce m\u00e9lange d&rsquo;influences ajoute une autre couche de complexit\u00e9 au r\u00e9cit du tableau.<\/p>\n<p>Les propres mots de Dal\u00ed \u00e9clairent davantage la cr\u00e9ation du tableau. Il a d\u00e9crit un \u00ab r\u00eave cosmique \u00bb de 1950, o\u00f9 il a vu l&rsquo;image en couleurs vives, repr\u00e9sentant le \u00ab noyau de l&rsquo;atome \u00bb. Cette image, initialement scientifique, a ensuite \u00e9volu\u00e9 vers un concept m\u00e9taphysique pour Dal\u00ed, symbolisant \u00ab l&rsquo;unit\u00e9 m\u00eame de l&rsquo;univers \u00bb incarn\u00e9e par le Christ. Guid\u00e9 par un fr\u00e8re carme, le P\u00e8re Bruno, Dal\u00ed a reli\u00e9 son r\u00eave au dessin de Saint Jean de la Croix. Il a ensuite utilis\u00e9 des principes g\u00e9om\u00e9triques, un triangle et un cercle, pour encadrer sa figure du Christ, unifiant ainsi ses explorations artistiques et spirituelles.<\/p>\n<p>L&rsquo;approche m\u00e9ticuleuse de Dal\u00ed est \u00e9vidente dans ses \u00e9tudes document\u00e9es pour le tableau. Ses notes r\u00e9v\u00e8lent un processus d\u00e9lib\u00e9r\u00e9 de fusion d&rsquo;inspiration religieuse, d&rsquo;influences artistiques et de symbolisme personnel en un tout coh\u00e9rent. Il a soigneusement planifi\u00e9 la composition, visant \u00e0 capturer l&rsquo;essence de sa vision avec pr\u00e9cision et clart\u00e9.<\/p>\n<p>Initialement, le tableau a fait l&rsquo;objet de critiques, jug\u00e9 banal par certains lors de ses d\u00e9buts \u00e0 Londres. Cependant, son impact sur le public s&rsquo;est av\u00e9r\u00e9 ind\u00e9niable. Des ann\u00e9es plus tard, un acte de vandalisme dramatique, une entaille dans la toile alors qu&rsquo;elle \u00e9tait expos\u00e9e au Mus\u00e9e de Glasgow, a t\u00e9moign\u00e9 de la profonde r\u00e9sonance \u00e9motionnelle de l&rsquo;\u0153uvre. Cet incident, bien que malheureux, a soulign\u00e9 le pouvoir de l&rsquo;art de Dal\u00ed \u00e0 susciter de vives r\u00e9actions.<\/p>\n<p>La popularit\u00e9 durable du <em>Christ de Saint Jean de la Croix<\/em> consolide son statut de contribution significative \u00e0 l&rsquo;art du XXe si\u00e8cle. C&rsquo;est une \u0153uvre qui transcende ses origines surr\u00e9alistes, offrant une repr\u00e9sentation unique et captivante d&rsquo;une figure spirituelle intemporelle.<\/p>\n","protected":false},"excerpt":{"rendered":"<p>Le Christ de Saint Jean de la Croix de Salvador Dal\u00ed est sans doute son \u0153uvre religieuse la plus c\u00e9l\u00e8bre. &#8230; <a title=\"Le Christ de Saint Jean de la Croix de Dal\u00ed : Un chef-d&rsquo;\u0153uvre m\u00e9taphysique\" class=\"read-more\" href=\"https:\/\/latrespace.com\/fr\/le-christ-de-saint-jean-de-la-croix-de-dali-un-chef-doeuvre-metaphysique\/\" aria-label=\"Read more about Le Christ de Saint Jean de la Croix de Dal\u00ed : Un chef-d&rsquo;\u0153uvre m\u00e9taphysique\"> <\/a><\/p>\n","protected":false},"author":1,"featured_media":2698,"comment_status":"closed","ping_status":"closed","sticky":false,"template":"","format":"standard","meta":{"footnotes":""},"categories":[59],"tags":[],"class_list":["post-3896","post","type-post","status-publish","format-standard","has-post-thumbnail","hentry","category-poemes","generate-columns","tablet-grid-50","mobile-grid-100","grid-parent","grid-25"],"lang":"fr","translations":{"fr":3896,"en":2697,"es":4821,"de":5010},"_links":{"self":[{"href":"https:\/\/latrespace.com\/fr\/wp-json\/wp\/v2\/posts\/3896","targetHints":{"allow":["GET"]}}],"collection":[{"href":"https:\/\/latrespace.com\/fr\/wp-json\/wp\/v2\/posts"}],"about":[{"href":"https:\/\/latrespace.com\/fr\/wp-json\/wp\/v2\/types\/post"}],"author":[{"embeddable":true,"href":"https:\/\/latrespace.com\/fr\/wp-json\/wp\/v2\/users\/1"}],"replies":[{"embeddable":true,"href":"https:\/\/latrespace.com\/fr\/wp-json\/wp\/v2\/comments?post=3896"}],"version-history":[{"count":0,"href":"https:\/\/latrespace.com\/fr\/wp-json\/wp\/v2\/posts\/3896\/revisions"}],"wp:featuredmedia":[{"embeddable":true,"href":"https:\/\/latrespace.com\/fr\/wp-json\/wp\/v2\/media\/2698"}],"wp:attachment":[{"href":"https:\/\/latrespace.com\/fr\/wp-json\/wp\/v2\/media?parent=3896"}],"wp:term":[{"taxonomy":"category","embeddable":true,"href":"https:\/\/latrespace.com\/fr\/wp-json\/wp\/v2\/categories?post=3896"},{"taxonomy":"post_tag","embeddable":true,"href":"https:\/\/latrespace.com\/fr\/wp-json\/wp\/v2\/tags?post=3896"}],"curies":[{"name":"wp","href":"https:\/\/api.w.org\/{rel}","templated":true}]}}