{"id":3909,"date":"2025-05-03T16:36:34","date_gmt":"2025-05-03T16:36:34","guid":{"rendered":"https:\/\/latrespace.com\/poemes-du-genocide-exploration-de-la-poesie-puissante-domar-sakr\/"},"modified":"2025-05-03T16:36:34","modified_gmt":"2025-05-03T16:36:34","slug":"poemes-du-genocide-exploration-de-la-poesie-puissante-domar-sakr","status":"publish","type":"post","link":"https:\/\/latrespace.com\/fr\/poemes-du-genocide-exploration-de-la-poesie-puissante-domar-sakr\/","title":{"rendered":"Po\u00e8mes du g\u00e9nocide : Exploration de la po\u00e9sie puissante d&rsquo;Omar Sakr"},"content":{"rendered":"<p>La s\u00e9rie \u00ab\u00a0in the genocide\u00a0\u00bb d&rsquo;Omar Sakr est une exploration visc\u00e9rale et d\u00e9chirante de la violence continue en Palestine. Ces po\u00e8mes transcendent le personnel, transformant le deuil individuel en une complainte collective pour un peuple assi\u00e9g\u00e9. \u00c0 travers des images saisissantes et une \u00e9motion brute, Sakr confronte les horreurs du g\u00e9nocide, for\u00e7ant les lecteurs \u00e0 se confronter \u00e0 la brutale r\u00e9alit\u00e9 de la situation. Cet article explore plusieurs po\u00e8mes de cette s\u00e9rie, en examinant leurs th\u00e8mes, leurs images et leur impact \u00e9motionnel.<\/p>\n<h2>Le poids de la perte dans \u00ab\u00a0Sometime in the genocide\u00a0\u00bb<\/h2>\n<p>\u00ab\u00a0Sometime in the genocide\u00a0\u00bb de Sakr capture l&rsquo;engourdissement et le d\u00e9sespoir qui accompagnent la violence de masse. Les premi\u00e8res lignes du po\u00e8me, \u00ab\u00a0C\u2019\u00e9tait un jeudi \/ o\u00f9 des milliers de personnes assassin\u00e9es \/ sont pass\u00e9es \u00e0 travers moi\u00a0\u00bb, instaurent imm\u00e9diatement un sentiment de perte accablant. L&rsquo;acte banal du locuteur de d\u00eener par terre, \u00ab\u00a0froid comme Dieu, poilu comme n&rsquo;importe quel animal\u00a0\u00bb, souligne l&rsquo;effet d\u00e9shumanisant de l&rsquo;exposition constante \u00e0 la mort. La tentative du locuteur de les \u00ab\u00a0retenir\u00a0\u00bb, de se connecter avec les \u00e2mes disparues, est futile. Leur passage laisse le locuteur \u00e9motionnellement vid\u00e9, d\u00e9pouill\u00e9 de tout sentiment.<\/p>\n<p><img decoding=\"async\" src=\"https:\/\/latrespace.com\/wp-content\/uploads\/2025\/05\/omar-sakr-im-6-scaled.webp\" alt=\"Portrait d&#039;Omar Sakr\" width=\"2560\" height=\"1707\" \/><em class=\"cap-ai\">Portrait d&#039;Omar Sakr<\/em><\/p>\n<h2>Lutter pour la connexion dans \u00ab\u00a0Comprehension in the genocide\u00a0\u00bb<\/h2>\n<p>\u00ab\u00a0Comprehension in the genocide\u00a0\u00bb d\u00e9place l&rsquo;attention vers le personnel, explorant les d\u00e9fis d&rsquo;\u00e9lever un enfant au milieu d&rsquo;un conflit permanent. Le po\u00e8me est centr\u00e9 sur le fils du locuteur, dont le retard de parole devient une m\u00e9taphore de la rupture de la communication et de la compr\u00e9hension. Les tentatives du locuteur de se connecter avec son fils sont empreintes d&rsquo;anxi\u00e9t\u00e9, refl\u00e9tant une peur plus profonde pour l&rsquo;avenir de son enfant dans un monde marqu\u00e9 par la violence. La question r\u00e9p\u00e9t\u00e9e \u00ab\u00a0Pourquoi est-ce que cela semble si cruel?\u00a0\u00bb souligne la lutte du locuteur pour concilier l&rsquo;amour pour son enfant avec les dures r\u00e9alit\u00e9s qui les entourent.<\/p>\n<h2>Confronter le \u00ab\u00a0Non\u00a0\u00bb dans \u00ab\u00a0Elegy in the genocide\u00a0\u00bb<\/h2>\n<p>\u00ab\u00a0Elegy in the genocide\u00a0\u00bb est une confrontation aust\u00e8re et sans faille avec les cons\u00e9quences de la violence. Le locuteur est aux prises avec les limites du langage, reconnaissant l&rsquo;incapacit\u00e9 de la po\u00e9sie \u00e0 saisir v\u00e9ritablement l&rsquo;ampleur de la perte. L&rsquo;image centrale du po\u00e8me est le \u00ab\u00a0non\u00a0\u00bb &#8211; le \u00ab\u00a0non-moi\u00a0\u00bb, le \u00ab\u00a0non-monde\u00a0\u00bb, le \u00ab\u00a0non-c\u0153ur\u00a0\u00bb &#8211; repr\u00e9sentant le vide laiss\u00e9 par le g\u00e9nocide. Le d\u00e9sir du locuteur de rassembler les \u00ab\u00a0parties rouges\u00a0\u00bb des enfants assassin\u00e9s et de les pr\u00e9parer pour l&rsquo;enterrement t\u00e9moigne d&rsquo;un profond besoin de rituel et de fermeture face \u00e0 une horreur inimaginable.<\/p>\n<p><img decoding=\"async\" src=\"https:\/\/latrespace.com\/wp-content\/uploads\/2025\/05\/img6592.webp\" alt=\"Image repr\u00e9sentant la perte et le deuil\" width=\"1280\" height=\"800\" \/><em class=\"cap-ai\">Image repr\u00e9sentant la perte et le deuil<\/em><\/p>\n<h2>Le cycle de la violence dans \u00ab\u00a0Social cohesion in the genocide\u00a0\u00bb<\/h2>\n<p>\u00ab\u00a0Social cohesion in the genocide\u00a0\u00bb utilise l&rsquo;all\u00e9gorie pour critiquer les syst\u00e8mes qui perp\u00e9tuent la violence. L&rsquo;image du roi poussant \u00e0 plusieurs reprises l&rsquo;\u0153uf, symbole de la vie fragile, par-dessus bord souligne le m\u00e9pris insensible pour la vie humaine. Les sujets en dessous, se d\u00e9menant pour \u00ab\u00a0endiguer la perte\u00a0\u00bb, repr\u00e9sentent une soci\u00e9t\u00e9 prise au pi\u00e8ge d&rsquo;un cycle de r\u00e9action, incapable de s&rsquo;attaquer \u00e0 la cause profonde de la souffrance.<\/p>\n<h2>Un cri pour la libert\u00e9 dans \u00ab\u00a0Sometime in the genocide (reprise)\u00a0\u00bb<\/h2>\n<p>\u00ab\u00a0Sometime in the genocide (reprise)\u00a0\u00bb revient sur le th\u00e8me de la perte accablante, soulignant la nature continue de la violence. Les lignes \u00ab\u00a0Lundi, et des milliers d&rsquo;autres \/ des personnes assassin\u00e9es passent\u00a0\u00bb soulignent le cycle incessant de la mort. Cependant, le po\u00e8me se termine par un cri de lib\u00e9ration, un d\u00e9sir ardent de libert\u00e9 \u00ab\u00a0de l&rsquo;hiver de notre fin\u00a0\u00bb. Cet ultime plaidoyer offre une lueur d&rsquo;espoir, un refus de succomber au d\u00e9sespoir malgr\u00e9 les horreurs observ\u00e9es.<\/p>\n<h2>Conclusion\u00a0: Le pouvoir du t\u00e9moignage<\/h2>\n<p>La s\u00e9rie \u00ab\u00a0in the genocide\u00a0\u00bb d&rsquo;Omar Sakr est un puissant t\u00e9moignage de la r\u00e9silience de l&rsquo;esprit humain face \u00e0 des souffrances inimaginables. Ces po\u00e8mes du g\u00e9nocide ne sont pas de simples observations; ce sont des actes de t\u00e9moignage, nous for\u00e7ant \u00e0 affronter la brutale r\u00e9alit\u00e9 de la situation et exigeant une r\u00e9ponse. La po\u00e9sie de Sakr sert de rappel brutal de l&rsquo;importance de l&#8217;empathie, de la solidarit\u00e9 et de la lutte continue pour la justice et la paix.<\/p>\n","protected":false},"excerpt":{"rendered":"<p>La s\u00e9rie \u00ab\u00a0in the genocide\u00a0\u00bb d&rsquo;Omar Sakr est une exploration visc\u00e9rale et d\u00e9chirante de la violence continue en Palestine. Ces &#8230; <a title=\"Po\u00e8mes du g\u00e9nocide : Exploration de la po\u00e9sie puissante d&rsquo;Omar Sakr\" class=\"read-more\" href=\"https:\/\/latrespace.com\/fr\/poemes-du-genocide-exploration-de-la-poesie-puissante-domar-sakr\/\" aria-label=\"Read more about Po\u00e8mes du g\u00e9nocide : Exploration de la po\u00e9sie puissante d&rsquo;Omar Sakr\"> <\/a><\/p>\n","protected":false},"author":1,"featured_media":3397,"comment_status":"closed","ping_status":"closed","sticky":false,"template":"","format":"standard","meta":{"footnotes":""},"categories":[59],"tags":[],"class_list":["post-3909","post","type-post","status-publish","format-standard","has-post-thumbnail","hentry","category-poemes","generate-columns","tablet-grid-50","mobile-grid-100","grid-parent","grid-25"],"lang":"fr","translations":{"fr":3909,"en":3396,"es":5094,"de":14087},"_links":{"self":[{"href":"https:\/\/latrespace.com\/fr\/wp-json\/wp\/v2\/posts\/3909","targetHints":{"allow":["GET"]}}],"collection":[{"href":"https:\/\/latrespace.com\/fr\/wp-json\/wp\/v2\/posts"}],"about":[{"href":"https:\/\/latrespace.com\/fr\/wp-json\/wp\/v2\/types\/post"}],"author":[{"embeddable":true,"href":"https:\/\/latrespace.com\/fr\/wp-json\/wp\/v2\/users\/1"}],"replies":[{"embeddable":true,"href":"https:\/\/latrespace.com\/fr\/wp-json\/wp\/v2\/comments?post=3909"}],"version-history":[{"count":0,"href":"https:\/\/latrespace.com\/fr\/wp-json\/wp\/v2\/posts\/3909\/revisions"}],"wp:featuredmedia":[{"embeddable":true,"href":"https:\/\/latrespace.com\/fr\/wp-json\/wp\/v2\/media\/3397"}],"wp:attachment":[{"href":"https:\/\/latrespace.com\/fr\/wp-json\/wp\/v2\/media?parent=3909"}],"wp:term":[{"taxonomy":"category","embeddable":true,"href":"https:\/\/latrespace.com\/fr\/wp-json\/wp\/v2\/categories?post=3909"},{"taxonomy":"post_tag","embeddable":true,"href":"https:\/\/latrespace.com\/fr\/wp-json\/wp\/v2\/tags?post=3909"}],"curies":[{"name":"wp","href":"https:\/\/api.w.org\/{rel}","templated":true}]}}