{"id":4011,"date":"2025-05-03T17:13:35","date_gmt":"2025-05-03T17:13:35","guid":{"rendered":"https:\/\/latrespace.com\/lautomne-de-rilke-et-lart-poetique-de-verlaine-deux-visions-de-la-poesie\/"},"modified":"2025-05-03T17:13:35","modified_gmt":"2025-05-03T17:13:35","slug":"lautomne-de-rilke-et-lart-poetique-de-verlaine-deux-visions-de-la-poesie","status":"publish","type":"post","link":"https:\/\/latrespace.com\/fr\/lautomne-de-rilke-et-lart-poetique-de-verlaine-deux-visions-de-la-poesie\/","title":{"rendered":"L&rsquo;Automne de Rilke et l&rsquo;Art po\u00e9tique de Verlaine : Deux visions de la po\u00e9sie"},"content":{"rendered":"<p>Rainer Maria Rilke et Paul Verlaine, deux g\u00e9ants de la po\u00e9sie europ\u00e9enne, offrent des perspectives distinctes mais r\u00e9sonnantes sur cet art. Cet article explore les nuances de \u00ab L&rsquo;Automne \u00bb de Rilke et de \u00ab L&rsquo;Art po\u00e9tique \u00bb de Verlaine, en examinant leurs th\u00e8mes et leurs approches stylistiques.<\/p>\n<h2>L&rsquo;Automne de Rilke : Une m\u00e9ditation sur la mortalit\u00e9<\/h2>\n<p>\u00ab\u00a0L&rsquo;Automne\u00a0\u00bb de Rilke, magnifiquement traduit par Bruce Phenix, encapsule une poignante m\u00e9ditation sur la mortalit\u00e9. Les feuilles qui tombent, descendant \u00ab\u00a0comme si dans le ciel lointain les jardins se fanaient\u00a0\u00bb, servent de puissante m\u00e9taphore au d\u00e9clin in\u00e9vitable de la vie. Les gestes \u00ab\u00a0n\u00e9gateurs\u00a0\u00bb des feuilles soulignent une r\u00e9sistance \u00e0 ce processus naturel, une lutte contre l&rsquo;in\u00e9vitable.<\/p>\n<p>L&rsquo;imagerie du po\u00e8me \u00e9voque un profond sentiment de solitude et d&rsquo;isolement. Le \u00ab\u00a0triste poids de la terre\u00a0\u00bb tombant \u00ab\u00a0dans la nuit\u00a0\u00bb, s\u00e9par\u00e9 des \u00e9toiles lointaines, refl\u00e8te l&rsquo;exp\u00e9rience humaine de la confrontation solitaire avec la mortalit\u00e9. Cette solitude cosmique s&rsquo;\u00e9tend au niveau individuel, comme l&rsquo;observe Rilke : \u00ab\u00a0Nous tombons tous. Voyez cette main; elle tombe aussi.\u00a0\u00bb<\/p>\n<p>Pourtant, au milieu de cette sombre r\u00e9flexion, une lueur d&rsquo;espoir \u00e9merge. Le po\u00e8me se termine par l&rsquo;affirmation puissante d&rsquo;une pr\u00e9sence r\u00e9confortante : \u00ab\u00a0Pourtant, il y a quelqu&rsquo;un qui retient chaque chute \/ dans des mains infiniment douces.\u00a0\u00bb Cette figure \u00e9nigmatique, potentiellement un \u00eatre divin ou une personnification de l&rsquo;amour et de la compassion, offre r\u00e9confort et acceptation face au d\u00e9clin in\u00e9vitable de la vie.<\/p>\n<h2>L&rsquo;Art po\u00e9tique de Verlaine : Un manifeste pour la musicalit\u00e9 et la nuance<\/h2>\n<p>\u00ab L&rsquo;Art po\u00e9tique \u00bb de Verlaine, \u00e9galement traduit par Phenix, pr\u00e9sente un manifeste convaincant pour l&rsquo;art de la po\u00e9sie. Le po\u00e8me met l&rsquo;accent sur la musicalit\u00e9 avant tout, exhortant les po\u00e8tes \u00e0 cr\u00e9er des vers qui \u00ab\u00a0se fondent dans l&rsquo;air comme une brume\u00a0\u00bb. Cette insistance sur la fluidit\u00e9 et la beaut\u00e9 \u00e9th\u00e9r\u00e9e impr\u00e8gne le style po\u00e9tique de Verlaine.<\/p>\n<p>Le po\u00e8me d\u00e9fend \u00ab l&rsquo;ambigu\u00eft\u00e9 \u00bb et le \u00ab\u00a0chant gris \/ O\u00f9 l&rsquo;Ind\u00e9cis au Pr\u00e9cis se joint\u00a0\u00bb. Cette pr\u00e9f\u00e9rence pour l&rsquo;expression nuanc\u00e9e refl\u00e8te les penchants symbolistes de Verlaine, sugg\u00e9rant que la po\u00e9sie doit \u00e9voquer plut\u00f4t qu&rsquo;\u00e9noncer explicitement le sens. Des images comme \u00ab\u00a0de beaux yeux derri\u00e8re des voiles\u00a0\u00bb et \u00ab\u00a0la lumi\u00e8re chatoyante de midi\u00a0\u00bb illustrent cette esth\u00e9tique, capturant les qualit\u00e9s \u00e9ph\u00e9m\u00e8res et suggestives de l&rsquo;exp\u00e9rience.<\/p>\n<p>Verlaine rejette \u00ab\u00a0la Couleur et l&rsquo;\u00e9clat du ton\u00a0\u00bb au profit de la \u00ab\u00a0Nuance\u00a0\u00bb. Il voit la nuance comme le royaume des r\u00eaves et de la musique, un espace o\u00f9 l&rsquo;imagination peut s&rsquo;\u00e9panouir. Cette pr\u00e9f\u00e9rence pour la subtilit\u00e9 s&rsquo;\u00e9tend \u00e0 sa condamnation de \u00ab\u00a0l&rsquo;Esprit cruel et ac\u00e9r\u00e9\u00a0\u00bb et des \u00ab\u00a0plaisanteries assassines\u00a0\u00bb, plaidant pour une po\u00e9sie de profondeur \u00e9motionnelle et de r\u00e9sonance \u00e9vocatrice.<\/p>\n<p>Le po\u00e8te critique \u00e9galement le recours excessif aux sch\u00e9mas de rimes rigides, remettant en question la valeur de \u00ab\u00a0ce faux bijou\u2026 qui vaut un sou\u00a0\u00bb. Il pr\u00e9conise une approche plus organique de la rime, exhortant les po\u00e8tes \u00e0 laisser leurs vers couler librement comme \u00ab\u00a0l&rsquo;envol d&rsquo;une \u00e2me\u00a0\u00bb.<\/p>\n<h2>Deux voix, un art : Un h\u00e9ritage durable<\/h2>\n<p>Rilke et Verlaine, \u00e0 travers leurs voix po\u00e9tiques distinctes, offrent un aper\u00e7u durable de la condition humaine et de l&rsquo;art de l&rsquo;expression po\u00e9tique. \u00ab\u00a0L&rsquo;Automne\u00a0\u00bb de Rilke aborde le th\u00e8me universel de la mortalit\u00e9 avec un m\u00e9lange de beaut\u00e9 m\u00e9lancolique et de r\u00e9signation pleine d&rsquo;espoir. \u00ab\u00a0L&rsquo;Art po\u00e9tique\u00a0\u00bb de Verlaine, quant \u00e0 lui, fournit un guide intemporel pour la cr\u00e9ation po\u00e9tique, en mettant l&rsquo;accent sur la musicalit\u00e9, la nuance et le pouvoir \u00e9vocateur de la suggestion. Leurs contributions continuent d&rsquo;inspirer et de r\u00e9sonner aupr\u00e8s des lecteurs et des po\u00e8tes.<\/p>\n<p>Le traducteur, Bruce Phenix, avec sa vaste exp\u00e9rience des langues et de la litt\u00e9rature, offre une interpr\u00e9tation sensible et nuanc\u00e9e de ces deux chefs-d&rsquo;\u0153uvre po\u00e9tiques, les rendant accessibles et attrayants pour le public contemporain. Son travail sert de pr\u00e9cieux pont entre ces po\u00e8tes embl\u00e9matiques et une nouvelle g\u00e9n\u00e9ration de lecteurs.<\/p>\n","protected":false},"excerpt":{"rendered":"<p>Rainer Maria Rilke et Paul Verlaine, deux g\u00e9ants de la po\u00e9sie europ\u00e9enne, offrent des perspectives distinctes mais r\u00e9sonnantes sur cet &#8230; <a title=\"L&rsquo;Automne de Rilke et l&rsquo;Art po\u00e9tique de Verlaine : Deux visions de la po\u00e9sie\" class=\"read-more\" href=\"https:\/\/latrespace.com\/fr\/lautomne-de-rilke-et-lart-poetique-de-verlaine-deux-visions-de-la-poesie\/\" aria-label=\"Read more about L&rsquo;Automne de Rilke et l&rsquo;Art po\u00e9tique de Verlaine : Deux visions de la po\u00e9sie\"> <\/a><\/p>\n","protected":false},"author":1,"featured_media":0,"comment_status":"closed","ping_status":"closed","sticky":false,"template":"","format":"standard","meta":{"footnotes":""},"categories":[55],"tags":[],"class_list":["post-4011","post","type-post","status-publish","format-standard","hentry","category-poemes-preferes","generate-columns","tablet-grid-50","mobile-grid-100","grid-parent","grid-25"],"lang":"fr","translations":{"fr":4011,"en":1463,"de":6070,"es":15016},"_links":{"self":[{"href":"https:\/\/latrespace.com\/fr\/wp-json\/wp\/v2\/posts\/4011","targetHints":{"allow":["GET"]}}],"collection":[{"href":"https:\/\/latrespace.com\/fr\/wp-json\/wp\/v2\/posts"}],"about":[{"href":"https:\/\/latrespace.com\/fr\/wp-json\/wp\/v2\/types\/post"}],"author":[{"embeddable":true,"href":"https:\/\/latrespace.com\/fr\/wp-json\/wp\/v2\/users\/1"}],"replies":[{"embeddable":true,"href":"https:\/\/latrespace.com\/fr\/wp-json\/wp\/v2\/comments?post=4011"}],"version-history":[{"count":0,"href":"https:\/\/latrespace.com\/fr\/wp-json\/wp\/v2\/posts\/4011\/revisions"}],"wp:attachment":[{"href":"https:\/\/latrespace.com\/fr\/wp-json\/wp\/v2\/media?parent=4011"}],"wp:term":[{"taxonomy":"category","embeddable":true,"href":"https:\/\/latrespace.com\/fr\/wp-json\/wp\/v2\/categories?post=4011"},{"taxonomy":"post_tag","embeddable":true,"href":"https:\/\/latrespace.com\/fr\/wp-json\/wp\/v2\/tags?post=4011"}],"curies":[{"name":"wp","href":"https:\/\/api.w.org\/{rel}","templated":true}]}}