{"id":4535,"date":"2025-05-04T07:28:35","date_gmt":"2025-05-04T07:28:35","guid":{"rendered":"https:\/\/latrespace.com\/la-fonction-du-poete-un-phare-despoir-selon-victor-hugo\/"},"modified":"2025-05-04T07:28:35","modified_gmt":"2025-05-04T07:28:35","slug":"la-fonction-du-poete-un-phare-despoir-selon-victor-hugo","status":"publish","type":"post","link":"https:\/\/latrespace.com\/fr\/la-fonction-du-poete-un-phare-despoir-selon-victor-hugo\/","title":{"rendered":"La fonction du po\u00e8te : un phare d&rsquo;espoir selon Victor Hugo"},"content":{"rendered":"<p>Victor Hugo, g\u00e9ant de la litt\u00e9rature fran\u00e7aise, a \u00e9crit \u00ab\u00a0La Fonction du po\u00e8te\u00a0\u00bb, une puissante d\u00e9claration sur le r\u00f4le du po\u00e8te dans la soci\u00e9t\u00e9. Ce po\u00e8me, traduit ici par David Bellemare Gosselin, transcende la simple esth\u00e9tique et pr\u00e9sente le po\u00e8te comme un visionnaire, une voix d&rsquo;espoir et un lien essentiel entre le pass\u00e9 et l&rsquo;avenir. Les vers de Hugo r\u00e9sonnent avec une pertinence intemporelle, explorant le devoir sacr\u00e9 du po\u00e8te en p\u00e9riode de troubles et la r\u00e9sistance soci\u00e9tale \u00e0 laquelle il est souvent confront\u00e9.<\/p>\n<h2>Le po\u00e8te : proph\u00e8te et porte-flambeau<\/h2>\n<p>Hugo \u00e9tablit d&#8217;embl\u00e9e l&rsquo;importance du po\u00e8te, soulignant sa vocation divine, surtout en des \u00ab\u00a0temps troubl\u00e9s\u00a0\u00bb. Le po\u00e8te n&rsquo;est pas destin\u00e9 \u00e0 la solitude, mais \u00e0 \u00e9clairer le chemin, annon\u00e7ant des \u00ab\u00a0jours meilleurs\u00a0\u00bb. Ce r\u00f4le proph\u00e9tique est mis en \u00e9vidence par l&rsquo;imagerie\u00a0:<\/p>\n<blockquote>\n<p>Celui dont le spectre est brillant et \u00e9toil\u00e9<\/p>\n<p>Les pieds sur terre, les yeux sur la brume lointaine.<\/p>\n<\/blockquote>\n<p>Le po\u00e8te devient un phare, ancr\u00e9 dans la r\u00e9alit\u00e9, mais tourn\u00e9 vers un horizon plus lumineux. Cette dualit\u00e9 est renforc\u00e9e par l&rsquo;image du flambeau\u00a0:<\/p>\n<blockquote>\n<p>Alors qu&rsquo;il porte le flambeau dans ses mains,<\/p>\n<p>Qu&rsquo;il y ait insulte, doute ou pur d\u00e9sarroi,<\/p>\n<\/blockquote>\n<p>M\u00eame face \u00e0 l&rsquo;adversit\u00e9, la flamme d&rsquo;inspiration du po\u00e8te persiste, atteignant les \u00e2mes \u00ab\u00a0en des terres lointaines\u00a0\u00bb. Cette image souligne la r\u00e9silience du po\u00e8te et la port\u00e9e universelle de son message.<\/p>\n<h2>Face \u00e0 l&rsquo;apathie et \u00e0 la d\u00e9rision<\/h2>\n<p>Hugo oppose le z\u00e8le visionnaire du po\u00e8te \u00e0 l&rsquo;apathie de la soci\u00e9t\u00e9. Il d\u00e9peint un peuple qui \u00ab\u00a0v\u00e9g\u00e8te languissant\u00a0\u00bb, aveugle aux id\u00e9es du po\u00e8te. Alors que les r\u00eaves du po\u00e8te sont \u00ab\u00a0remplis d&rsquo;amour\u00a0\u00bb, ils sont accueillis par la moquerie et le m\u00e9pris\u00a0:<\/p>\n<blockquote>\n<p>Et pourtant, ils se moquent de lui sans cesse,<\/p>\n<p>Leurs \u00e2mes dans une r\u00e9signation silencieuse<\/p>\n<p>En des flots frivoles et m\u00e9prisants<\/p>\n<\/blockquote>\n<p>Ce d\u00e9calage r\u00e9v\u00e8le une tension fondamentale\u00a0: le po\u00e8te, anim\u00e9 par l&rsquo;amour et l&rsquo;espoir, est confront\u00e9 \u00e0 un monde ancr\u00e9 dans l&rsquo;indiff\u00e9rence et le cynisme. Malgr\u00e9 la d\u00e9rision, le po\u00e8te pers\u00e9v\u00e8re, comprenant que la vraie sagesse reste souvent inaudible au milieu du tumulte de la foule.<\/p>\n<h2>Un pont entre le pass\u00e9 et l&rsquo;avenir<\/h2>\n<p>\u00ab\u00a0La Fonction du po\u00e8te\u00a0\u00bb va au-del\u00e0 de la simple d\u00e9nonciation de l&rsquo;indiff\u00e9rence soci\u00e9tale. Le po\u00e8me articule \u00e9galement le r\u00f4le du po\u00e8te comme gardien de la tradition et artisan de l&rsquo;avenir. Le po\u00e8te fouille les \u00ab\u00a0ruines\u00a0\u00bb du pass\u00e9, recueillant les fragments de la tradition\u00a0:<\/p>\n<blockquote>\n<p>Et du fruit de nos riches traditions<\/p>\n<p>Est tout ce qui dans le monde prend racine,<\/p>\n<\/blockquote>\n<p>Cet acte de pr\u00e9servation est crucial. Le po\u00e8te ne se contente pas de r\u00e9gurgiter le pass\u00e9, il le transforme, nourrissant les graines du futur avec la sagesse des \u00e9poques r\u00e9volues. Ce lien entre le pass\u00e9 et l&rsquo;avenir est encore renforc\u00e9\u00a0:<\/p>\n<blockquote>\n<p>Toutes les id\u00e9es, humaines ou divines<\/p>\n<p>Qui puisent leurs racines dans les temps anciens<\/p>\n<p>Seront par les feuilles du futur habill\u00e9es.<\/p>\n<\/blockquote>\n<h2>Le pouvoir \u00e9clairant de la po\u00e9sie<\/h2>\n<p>Les strophes finales c\u00e9l\u00e8brent le pouvoir transformateur de la po\u00e9sie. Les \u00ab\u00a0rayons aveuglants\u00a0\u00bb du po\u00e8te flottent sur \u00ab\u00a0les champs lumineux de la v\u00e9rit\u00e9 \u00e9ternelle\u00a0\u00bb, \u00e9clairant le chemin vers la v\u00e9rit\u00e9 et la compr\u00e9hension. Cette lumi\u00e8re s&rsquo;\u00e9tend \u00e0 tous les recoins de l&rsquo;existence\u00a0:<\/p>\n<blockquote>\n<p>Il illumine la ville et le d\u00e9sert<\/p>\n<p>Les vall\u00e9es sombres ou les lys du jardin<\/p>\n<p>Les plaines sinueuses et les hauteurs vertigineuses.<\/p>\n<\/blockquote>\n<p>Cette imagerie globale souligne l&rsquo;universalit\u00e9 de l&rsquo;inspiration po\u00e9tique. Elle transcende les divisions sociales, atteignant \u00e0 la fois \u00ab\u00a0le roi ou le berger\u00a0\u00bb. L&rsquo;affirmation finale de Hugo \u00e9l\u00e8ve la po\u00e9sie au rang de guide c\u00e9leste\u00a0: \u00ab\u00a0Car la po\u00e9sie est l&rsquo;\u00e9toile brillante offerte \/ Au roi comme au berger, c&rsquo;est la lumi\u00e8re du Ciel.\u00a0\u00bb<\/p>\n<h2>Un message intemporel<\/h2>\n<p>\u00ab\u00a0La Fonction du po\u00e8te\u00a0\u00bb demeure un puissant rappel du r\u00f4le essentiel du po\u00e8te. Dans un monde souvent rong\u00e9 par le cynisme et l&rsquo;impr\u00e9voyance, le po\u00e8te repr\u00e9sente une voix essentielle, nous rappelant notre humanit\u00e9 commune et le potentiel d&rsquo;un avenir meilleur. Le po\u00e8me de Hugo n&rsquo;est pas simplement un hommage \u00e0 la po\u00e9sie, mais un appel \u00e0 l&rsquo;action, nous exhortant \u00e0 \u00e9couter le \u00ab\u00a0r\u00eaveur sacr\u00e9\u00a0\u00bb et \u00e0 embrasser le pouvoir transformateur de ses paroles.<\/p>\n","protected":false},"excerpt":{"rendered":"<p>Victor Hugo, g\u00e9ant de la litt\u00e9rature fran\u00e7aise, a \u00e9crit \u00ab\u00a0La Fonction du po\u00e8te\u00a0\u00bb, une puissante d\u00e9claration sur le r\u00f4le du &#8230; <a title=\"La fonction du po\u00e8te : un phare d&rsquo;espoir selon Victor Hugo\" class=\"read-more\" href=\"https:\/\/latrespace.com\/fr\/la-fonction-du-poete-un-phare-despoir-selon-victor-hugo\/\" aria-label=\"Read more about La fonction du po\u00e8te : un phare d&rsquo;espoir selon Victor Hugo\"> <\/a><\/p>\n","protected":false},"author":1,"featured_media":0,"comment_status":"closed","ping_status":"closed","sticky":false,"template":"","format":"standard","meta":{"footnotes":""},"categories":[55],"tags":[],"class_list":["post-4535","post","type-post","status-publish","format-standard","hentry","category-poemes-preferes","generate-columns","tablet-grid-50","mobile-grid-100","grid-parent","grid-25"],"lang":"fr","translations":{"fr":4535,"en":1696,"es":4290,"de":10475},"_links":{"self":[{"href":"https:\/\/latrespace.com\/fr\/wp-json\/wp\/v2\/posts\/4535","targetHints":{"allow":["GET"]}}],"collection":[{"href":"https:\/\/latrespace.com\/fr\/wp-json\/wp\/v2\/posts"}],"about":[{"href":"https:\/\/latrespace.com\/fr\/wp-json\/wp\/v2\/types\/post"}],"author":[{"embeddable":true,"href":"https:\/\/latrespace.com\/fr\/wp-json\/wp\/v2\/users\/1"}],"replies":[{"embeddable":true,"href":"https:\/\/latrespace.com\/fr\/wp-json\/wp\/v2\/comments?post=4535"}],"version-history":[{"count":0,"href":"https:\/\/latrespace.com\/fr\/wp-json\/wp\/v2\/posts\/4535\/revisions"}],"wp:attachment":[{"href":"https:\/\/latrespace.com\/fr\/wp-json\/wp\/v2\/media?parent=4535"}],"wp:term":[{"taxonomy":"category","embeddable":true,"href":"https:\/\/latrespace.com\/fr\/wp-json\/wp\/v2\/categories?post=4535"},{"taxonomy":"post_tag","embeddable":true,"href":"https:\/\/latrespace.com\/fr\/wp-json\/wp\/v2\/tags?post=4535"}],"curies":[{"name":"wp","href":"https:\/\/api.w.org\/{rel}","templated":true}]}}