{"id":4769,"date":"2025-05-05T04:08:50","date_gmt":"2025-05-05T04:08:50","guid":{"rendered":"https:\/\/latrespace.com\/exploration-du-temps-et-de-lespace-dans-coronal-de-b-s-eliud-acrewe\/"},"modified":"2025-05-05T04:08:50","modified_gmt":"2025-05-05T04:08:50","slug":"exploration-du-temps-et-de-lespace-dans-coronal-de-b-s-eliud-acrewe","status":"publish","type":"post","link":"https:\/\/latrespace.com\/fr\/exploration-du-temps-et-de-lespace-dans-coronal-de-b-s-eliud-acrewe\/","title":{"rendered":"Exploration du temps et de l&rsquo;espace dans *Coronal* de B. S. Eliud Acrewe"},"content":{"rendered":"<p><em>Coronal<\/em> de B. S. Eliud Acrewe propose une m\u00e9ditation complexe sur le temps, l&rsquo;espace et la condition humaine. \u00c0 travers une s\u00e9rie de vignettes interconnect\u00e9es, le po\u00e8me explore les th\u00e8mes de la mortalit\u00e9, du changement et de la qu\u00eate de sens dans un monde marqu\u00e9 \u00e0 la fois par la beaut\u00e9 et la d\u00e9solation. Cette analyse explorera l&rsquo;imagerie complexe du po\u00e8me, sa r\u00e9sonance \u00e9motionnelle et ses fondements philosophiques, en examinant comment Acrewe entrelace la r\u00e9flexion personnelle avec des observations plus larges sur le monde naturel et le passage du temps.<\/p>\n<h2>I. \u00c9chos du temps et le blues du coronavirus<\/h2>\n<p>Les premiers vers instaurent imm\u00e9diatement une pr\u00e9occupation pour le temps\u00a0: \u00ab\u00a0Le temps pr\u00e9sent et le temps pass\u00e9 ne sont pas les m\u00eames, m\u00eame s&rsquo;ils peuvent le para\u00eetre \u00e0 certains yeux.\u00a0\u00bb Cela pr\u00e9pare le terrain pour un po\u00e8me ax\u00e9 sur l&rsquo;interaction du pass\u00e9, du pr\u00e9sent et du futur, et l&rsquo;exp\u00e9rience subjective de leur passage. L&rsquo;allusion \u00e0 Hitomaro, un po\u00e8te japonais classique, sugg\u00e8re l&rsquo;universalit\u00e9 de ces pr\u00e9occupations temporelles \u00e0 travers les cultures et les \u00e9poques. L&rsquo;intrusion du \u00ab\u00a0blues invisible du coronavirus\u00a0\u00bb ancre le po\u00e8me dans un moment historique pr\u00e9cis, soulignant la fragilit\u00e9 de la vie et la perturbation de la normalit\u00e9.<\/p>\n<p>La juxtaposition de la beaut\u00e9 naturelle \u2013 \u00ab\u00a0Les roses s&rsquo;ouvrent dans le jardin\u00a0\u00bb \u2013 avec les angoisses de la pand\u00e9mie cr\u00e9e un contraste poignant, refl\u00e9tant la tendance humaine \u00e0 chercher du r\u00e9confort dans le monde naturel au milieu de l&rsquo;incertitude. \u00ab\u00a0L&rsquo;avion qui bourdonne, le train qui g\u00e9mit\u00a0\u00bb servent de rappels de la marche implacable du progr\u00e8s, m\u00eame si la pand\u00e9mie force un arr\u00eat. Cette tension entre mouvement et stase devient un motif r\u00e9current tout au long du po\u00e8me.<\/p>\n<h2>II. Immobilit\u00e9 dystopique et le navire d&rsquo;\u00c9tat<\/h2>\n<p>La deuxi\u00e8me section passe \u00e0 un paysage plus explicitement dystopique. La \u00ab\u00a0rue pav\u00e9e large et vide\u00a0\u00bb \u00e9voque un sentiment de qui\u00e9tude \u00e9trange, rappelant un d\u00e9cor post-apocalyptique. L&rsquo;imagerie de la \u00ab\u00a0grande sous-station \u00e9lectrique\u00a0\u00bb et de ses structures imposantes sugg\u00e8re la puissance de l&rsquo;infrastructure humaine, m\u00eame dans sa d\u00e9solation.<\/p>\n<p>La comparaison de ces tours \u00e0 des \u00ab\u00a0tombes de g\u00e9ants\u00a0\u00bb renforce encore le th\u00e8me de la mortalit\u00e9 et le caract\u00e8re \u00e9ph\u00e9m\u00e8re des entreprises humaines. Le \u00ab\u00a0navire d&rsquo;\u00c9tat en b\u00e9ton ench\u00e2ss\u00e9 dans le r\u00e9seau \u00e9lectrique\u00a0\u00bb devient un puissant symbole des structures soci\u00e9tales aux prises avec un avenir incertain.<\/p>\n<h2>III. Un voyage \u00e0 travers la d\u00e9solation et l&rsquo;espoir<\/h2>\n<p>La troisi\u00e8me section pr\u00e9sente un voyage \u00e0 travers un paysage urbain d\u00e9sol\u00e9. L&rsquo;imagerie du \u00ab\u00a0soleil flamboyant\u00a0\u00bb et des rues \u00ab\u00a0d&rsquo;un blanc aveuglant\u00a0\u00bb intensifie le sentiment de vide. La descente du \u00ab\u00a0Calvaire\u00a0\u00bb ajoute une couche de poids symbolique, sugg\u00e9rant une descente dans la souffrance ou l&rsquo;\u00e9preuve. Cependant, au milieu de la d\u00e9solation, des lueurs d&rsquo;espoir \u00e9mergent. Les \u00ab\u00a0jardins\u00a0\u00bb entrevus au loin offrent un refuge potentiel, une promesse de renouveau.<\/p>\n<p>L&rsquo;autoroute remplie de v\u00e9hicules offre une image contrast\u00e9e de mouvement et de connexion, m\u00eame si le locuteur reste isol\u00e9. Les derniers vers \u2013 \u00ab\u00a0On aspire \u00e0 l&rsquo;immortalit\u00e9\u2026 jusqu&rsquo;au tout dernier moment\u00a0\u00bb \u2013 r\u00e9sument la lutte humaine pour concilier le d\u00e9sir de permanence avec l&rsquo;in\u00e9vitabilit\u00e9 de la mort.<\/p>\n<h2>IV. Chercher un sens dans un monde silencieux<\/h2>\n<p>La quatri\u00e8me section marque un retour \u00e0 un ton plus introspectif. L&rsquo;absence de son \u2013 \u00ab\u00a0Aucun oiseau moqueur ne chante ici; nous n&rsquo;entendons aucun son\u00a0\u00bb \u2013 souligne le sentiment d&rsquo;isolement. Le \u00ab\u00a0Cercle cramoisi\u00a0\u00bb et le \u00ab\u00a0Tout et la fin de tout\u00a0\u00bb introduisent des symboles \u00e9nigmatiques, sugg\u00e9rant des questions philosophiques plus profondes sur la nature de l&rsquo;existence. La beaut\u00e9 fugace du \u00ab\u00a0bouquet printanier\u00a0\u00bb sert de rappel de la nature transitoire des joies de la vie.<\/p>\n<h2>V. Le Mot et le Monde<\/h2>\n<p>La derni\u00e8re section explore le pouvoir du langage et la qu\u00eate de sens. Le concept du \u00ab\u00a0Mot\u00a0\u00bb comme force qui fa\u00e7onne et d\u00e9finit la r\u00e9alit\u00e9 est central \u00e0 cette section. \u00ab\u00a0Le Mot inscrit le Monde\u00a0\u00bb sugg\u00e8re que le langage n&rsquo;est pas seulement un outil de communication, mais un \u00e9l\u00e9ment fondamental de la conscience humaine. Le \u00ab\u00a0fardeau de l&rsquo;existence\u00a0\u00bb d\u00e9coule de la conscience de notre propre mortalit\u00e9 et des limites de la compr\u00e9hension humaine.<\/p>\n<h2>Conclusion\u00a0: Une tapisserie du temps et de l&rsquo;espace<\/h2>\n<p><em>Coronal<\/em> est un po\u00e8me aux multiples facettes qui explore les complexit\u00e9s de l&rsquo;exp\u00e9rience humaine \u00e0 travers le prisme du temps et de l&rsquo;espace. L&rsquo;imagerie \u00e9vocatrice d&rsquo;Acrewe, ses r\u00e9flexions philosophiques et ses poignants commentaires sur l&rsquo;\u00e8re de la pand\u00e9mie cr\u00e9ent une \u0153uvre r\u00e9sonnante et stimulante. La structure fragment\u00e9e du po\u00e8me refl\u00e8te la nature fragment\u00e9e de la m\u00e9moire et l&rsquo;exp\u00e9rience subjective du temps. En fin de compte, <em>Coronal<\/em> invite les lecteurs \u00e0 se confronter \u00e0 leurs propres perceptions du temps, de la mortalit\u00e9 et de la qu\u00eate de sens dans un monde en constante \u00e9volution.<\/p>\n","protected":false},"excerpt":{"rendered":"<p>Coronal de B. S. Eliud Acrewe propose une m\u00e9ditation complexe sur le temps, l&rsquo;espace et la condition humaine. \u00c0 travers &#8230; <a title=\"Exploration du temps et de l&rsquo;espace dans *Coronal* de B. S. Eliud Acrewe\" class=\"read-more\" href=\"https:\/\/latrespace.com\/fr\/exploration-du-temps-et-de-lespace-dans-coronal-de-b-s-eliud-acrewe\/\" aria-label=\"Read more about Exploration du temps et de l&rsquo;espace dans *Coronal* de B. S. Eliud Acrewe\"> <\/a><\/p>\n","protected":false},"author":1,"featured_media":0,"comment_status":"closed","ping_status":"closed","sticky":false,"template":"","format":"standard","meta":{"footnotes":""},"categories":[55],"tags":[],"class_list":["post-4769","post","type-post","status-publish","format-standard","hentry","category-poemes-preferes","generate-columns","tablet-grid-50","mobile-grid-100","grid-parent","grid-25"],"lang":"fr","translations":{"fr":4769,"en":1581,"de":3877,"es":6024},"_links":{"self":[{"href":"https:\/\/latrespace.com\/fr\/wp-json\/wp\/v2\/posts\/4769","targetHints":{"allow":["GET"]}}],"collection":[{"href":"https:\/\/latrespace.com\/fr\/wp-json\/wp\/v2\/posts"}],"about":[{"href":"https:\/\/latrespace.com\/fr\/wp-json\/wp\/v2\/types\/post"}],"author":[{"embeddable":true,"href":"https:\/\/latrespace.com\/fr\/wp-json\/wp\/v2\/users\/1"}],"replies":[{"embeddable":true,"href":"https:\/\/latrespace.com\/fr\/wp-json\/wp\/v2\/comments?post=4769"}],"version-history":[{"count":0,"href":"https:\/\/latrespace.com\/fr\/wp-json\/wp\/v2\/posts\/4769\/revisions"}],"wp:attachment":[{"href":"https:\/\/latrespace.com\/fr\/wp-json\/wp\/v2\/media?parent=4769"}],"wp:term":[{"taxonomy":"category","embeddable":true,"href":"https:\/\/latrespace.com\/fr\/wp-json\/wp\/v2\/categories?post=4769"},{"taxonomy":"post_tag","embeddable":true,"href":"https:\/\/latrespace.com\/fr\/wp-json\/wp\/v2\/tags?post=4769"}],"curies":[{"name":"wp","href":"https:\/\/api.w.org\/{rel}","templated":true}]}}