{"id":5185,"date":"2025-05-05T08:12:38","date_gmt":"2025-05-05T08:12:38","guid":{"rendered":"https:\/\/latrespace.com\/cheveux-de-femme-une-ode-a-lidentite-capillaire\/"},"modified":"2025-05-05T08:12:38","modified_gmt":"2025-05-05T08:12:38","slug":"cheveux-de-femme-une-ode-a-lidentite-capillaire","status":"publish","type":"post","link":"https:\/\/latrespace.com\/fr\/cheveux-de-femme-une-ode-a-lidentite-capillaire\/","title":{"rendered":"Cheveux de femme : une ode \u00e0 l&rsquo;identit\u00e9 capillaire"},"content":{"rendered":"<p>Les cheveux sont souvent un puissant symbole d&rsquo;identit\u00e9, de culture et d&rsquo;histoire personnelle. Ce recueil de courts po\u00e8mes \u00e9vocateurs explore la relation complexe entre une femme et ses cheveux, utilisant des m\u00e9taphores vives et la personnification pour en transmettre la signification. Les po\u00e8mes abordent des th\u00e8mes de changement, de r\u00e9silience, de liens familiaux et d&rsquo;acceptation de soi.<\/p>\n<h2>Une histoire grav\u00e9e dans chaque m\u00e8che<\/h2>\n<p>\u00ab\u00a0Mes cheveux sont mon ami d&rsquo;enfance qui venait me voir tous les jours, est devenu cool au secondaire, puis s&rsquo;est mis \u00e0 consommer de la drogue, puis a fugu\u00e9, mais qui est maintenant de retour et essaie de reprendre sa vie en main, et on prend un caf\u00e9 ensemble un dimanche matin avant son quart d&rsquo;\u00e9picerie.\u00a0\u00bb<\/p>\n<p>Ce po\u00e8me \u00e9tablit imm\u00e9diatement un lien personnel avec les cheveux, les comparant \u00e0 un ami perdu de vue. Le parcours des cheveux refl\u00e8te les complexit\u00e9s de la vie, avec ses hauts et ses bas, ses luttes et ses tentatives de r\u00e9tablissement. Le cadre banal d&rsquo;un caf\u00e9 du dimanche matin ajoute une touche de r\u00e9alisme et d&rsquo;espoir au r\u00e9cit.<\/p>\n<h2>Force et vuln\u00e9rabilit\u00e9<\/h2>\n<p>\u00ab\u00a0Mes cheveux \u00e9taient dans un zoo. Mes cheveux se sont \u00e9chapp\u00e9s du zoo et ont neutralis\u00e9 trois agents des forces de l&rsquo;ordre avant qu&rsquo;ils ne les bourrent de tranquillisants. Des tranquillisants seulement parce que mes cheveux sont trop pr\u00e9cieux pour mourir.\u00a0\u00bb<\/p>\n<p>Ce po\u00e8me change de ton, pr\u00e9sentant les cheveux comme une force puissante, presque sauvage. L&rsquo;image de l&rsquo;\u00e9vasion et de la r\u00e9sistance souligne leur r\u00e9silience, tandis que l&rsquo;utilisation de tranquillisants sugg\u00e8re une vuln\u00e9rabilit\u00e9 sous-jacente. Le po\u00e8me parle de la valeur et de la force inh\u00e9rentes aux cheveux, malgr\u00e9 les tentatives externes de les contr\u00f4ler ou de les soumettre.<\/p>\n<h2>Secrets bien gard\u00e9s<\/h2>\n<p>\u00ab\u00a0Mes cheveux sont un bar clandestin. Ce n&rsquo;est pas que personne ne peut y entrer, c&rsquo;est juste que vous ne connaissez pas le mot de passe.\u00a0\u00bb<\/p>\n<p>La m\u00e9taphore d&rsquo;un bar clandestin introduit un \u00e9l\u00e9ment de myst\u00e8re et d&rsquo;exclusivit\u00e9. Les cheveux deviennent un espace prot\u00e9g\u00e9, accessible uniquement \u00e0 ceux qui en comprennent les secrets. Ce po\u00e8me fait allusion \u00e0 la relation intime que l&rsquo;on entretient avec ses cheveux, un lien qui n&rsquo;est pas facilement partag\u00e9 avec les autres.<\/p>\n<h2>Un t\u00e9moignage de pers\u00e9v\u00e9rance<\/h2>\n<p>\u00ab\u00a0Mes cheveux ont travaill\u00e9 dur et ont gravi de nombreuses montagnes, litt\u00e9rales et m\u00e9taphoriques, pour en arriver l\u00e0. Mes cheveux ont manqu\u00e9 d&rsquo;oxyg\u00e8ne il y a un kilom\u00e8tre et hal\u00e8tent depuis, mais sont d\u00e9termin\u00e9s \u00e0 atteindre le sommet. Mes cheveux ont endur\u00e9 un bonnet la nuit derni\u00e8re. C&rsquo;est beaucoup de travail.\u00a0\u00bb<\/p>\n<p>Ce po\u00e8me souligne l&rsquo;effort et les soins n\u00e9cessaires pour entretenir et nourrir les cheveux. L&rsquo;image de l&rsquo;escalade en montagne et des bouteilles d&rsquo;oxyg\u00e8ne t\u00e9moigne des d\u00e9fis rencontr\u00e9s, tandis que la mention d&rsquo;un bonnet souligne les mesures de protection prises. Le po\u00e8me reconna\u00eet le d\u00e9vouement et la r\u00e9silience impliqu\u00e9s dans le parcours du soin capillaire.<\/p>\n<h2>Une force avec laquelle il faut compter<\/h2>\n<p>\u00ab\u00a0Mes cheveux sont une technologie du futur et vous br\u00fbleront le bout des doigts, faites attention.\u00a0\u00bb<\/p>\n<p>Cette ligne impr\u00e8gne les cheveux d&rsquo;un sentiment de puissance et de danger. La comparaison avec la technologie future cr\u00e9e une aura de myst\u00e8re et met en garde contre une manipulation n\u00e9gligente. Elle renforce l&rsquo;id\u00e9e que les cheveux ne sont pas un simple accessoire, mais une force qu&rsquo;il faut respecter.<\/p>\n<h2>Acceptation de soi in\u00e9branlable<\/h2>\n<p>\u00ab\u00a0Mes cheveux se fichent de ce que vous voulez.\u00a0\u00bb<\/p>\n<p>Cette simple d\u00e9claration en dit long sur l&rsquo;acceptation de soi et l&rsquo;adoption de ses cheveux naturels. Elle rejette les pressions et les attentes ext\u00e9rieures, affirmant le droit d&rsquo;exister authentiquement.<\/p>\n<h2>Liens d&rsquo;amour et de soins<\/h2>\n<p>\u00ab\u00a0Mes cheveux ont un fr\u00e8re. J&rsquo;ai lav\u00e9, revitalis\u00e9, hydrat\u00e9, peign\u00e9 et tress\u00e9 le fr\u00e8re de mes cheveux dans l&rsquo;\u00e9vier de la cuisine quand il \u00e9tait d\u00e9prim\u00e9. Le fr\u00e8re de mes cheveux a une fille. La fille du fr\u00e8re de mes cheveux a le cuir chevelu sensible et je chante pendant que je la peigne, la tenant par les racines, touchant son front si doucement et lui disant que je l&rsquo;aime pendant qu&rsquo;elle pleure.\u00a0\u00bb<\/p>\n<p>Le dernier po\u00e8me aborde le th\u00e8me de la famille et du lien interg\u00e9n\u00e9rationnel. Le fait de prendre soin des cheveux d&rsquo;une autre personne devient un acte d&rsquo;amour et de soutien. La fille au cuir chevelu sensible repr\u00e9sente la g\u00e9n\u00e9ration suivante, h\u00e9ritant \u00e0 la fois des d\u00e9fis et de la beaut\u00e9 de cette relation complexe avec les cheveux. Le chant et le toucher doux symbolisent la relation affective et nourrici\u00e8re transmise de g\u00e9n\u00e9ration en g\u00e9n\u00e9ration.<\/p>\n<p>Ces po\u00e8mes, pris ensemble, offrent une exploration nuanc\u00e9e et puissante des cheveux comme symbole d&rsquo;identit\u00e9, de force et de connexion. Ils invitent les lecteurs et lectrices \u00e0 consid\u00e9rer leur propre relation avec leurs cheveux et \u00e0 appr\u00e9cier leur signification multiforme.<\/p>\n","protected":false},"excerpt":{"rendered":"<p>Les cheveux sont souvent un puissant symbole d&rsquo;identit\u00e9, de culture et d&rsquo;histoire personnelle. Ce recueil de courts po\u00e8mes \u00e9vocateurs explore &#8230; <a title=\"Cheveux de femme : une ode \u00e0 l&rsquo;identit\u00e9 capillaire\" class=\"read-more\" href=\"https:\/\/latrespace.com\/fr\/cheveux-de-femme-une-ode-a-lidentite-capillaire\/\" aria-label=\"Read more about Cheveux de femme : une ode \u00e0 l&rsquo;identit\u00e9 capillaire\"> <\/a><\/p>\n","protected":false},"author":1,"featured_media":0,"comment_status":"closed","ping_status":"closed","sticky":false,"template":"","format":"standard","meta":{"footnotes":""},"categories":[59],"tags":[],"class_list":["post-5185","post","type-post","status-publish","format-standard","hentry","category-poemes","generate-columns","tablet-grid-50","mobile-grid-100","grid-parent","grid-25"],"lang":"fr","translations":{"fr":5185,"en":3121,"es":5865,"de":11889},"_links":{"self":[{"href":"https:\/\/latrespace.com\/fr\/wp-json\/wp\/v2\/posts\/5185","targetHints":{"allow":["GET"]}}],"collection":[{"href":"https:\/\/latrespace.com\/fr\/wp-json\/wp\/v2\/posts"}],"about":[{"href":"https:\/\/latrespace.com\/fr\/wp-json\/wp\/v2\/types\/post"}],"author":[{"embeddable":true,"href":"https:\/\/latrespace.com\/fr\/wp-json\/wp\/v2\/users\/1"}],"replies":[{"embeddable":true,"href":"https:\/\/latrespace.com\/fr\/wp-json\/wp\/v2\/comments?post=5185"}],"version-history":[{"count":0,"href":"https:\/\/latrespace.com\/fr\/wp-json\/wp\/v2\/posts\/5185\/revisions"}],"wp:attachment":[{"href":"https:\/\/latrespace.com\/fr\/wp-json\/wp\/v2\/media?parent=5185"}],"wp:term":[{"taxonomy":"category","embeddable":true,"href":"https:\/\/latrespace.com\/fr\/wp-json\/wp\/v2\/categories?post=5185"},{"taxonomy":"post_tag","embeddable":true,"href":"https:\/\/latrespace.com\/fr\/wp-json\/wp\/v2\/tags?post=5185"}],"curies":[{"name":"wp","href":"https:\/\/api.w.org\/{rel}","templated":true}]}}