{"id":5358,"date":"2025-05-05T09:31:09","date_gmt":"2025-05-05T09:31:09","guid":{"rendered":"https:\/\/latrespace.com\/lunivers-poetique-de-goethe-amour-nature-et-nostalgie\/"},"modified":"2025-05-05T09:31:09","modified_gmt":"2025-05-05T09:31:09","slug":"lunivers-poetique-de-goethe-amour-nature-et-nostalgie","status":"publish","type":"post","link":"https:\/\/latrespace.com\/fr\/lunivers-poetique-de-goethe-amour-nature-et-nostalgie\/","title":{"rendered":"L&rsquo;univers po\u00e9tique de Goethe : amour, nature et nostalgie"},"content":{"rendered":"<p>Johann Wolfgang von Goethe (1749-1832), figure embl\u00e9matique de la litt\u00e9rature allemande, a captiv\u00e9 ses lecteurs par sa profonde compr\u00e9hension de la condition humaine et sa ma\u00eetrise du langage. Cet article explore trois po\u00e8mes de Goethe, en examinant leurs th\u00e8mes, leur imagerie et leur r\u00e9sonance \u00e9motionnelle. Nous analyserons \u00ab Wandrers Nachtlied \u00bb (\u00ab Chant nocturne du voyageur \u00bb), \u00ab Sommer \u00bb (\u00ab \u00c9t\u00e9 \u00bb) et \u00ab N\u00e4he des Geliebten \u00bb (\u00ab La proximit\u00e9 de l&rsquo;\u00eatre aim\u00e9 \u00bb), illustrant l&rsquo;\u00e9tendue et la profondeur du g\u00e9nie po\u00e9tique de Goethe.<\/p>\n<h2>Un plaidoyer pour la paix : \u00ab Wandrers Nachtlied \u00bb<\/h2>\n<p>\u00ab Wandrers Nachtlied \u00bb de Goethe, \u00e9crit en 1776, est une expression concise mais puissante du d\u00e9sir de paix. Le po\u00e8me, initialement intitul\u00e9 \u00ab Der du von dem Himmel bist \u00bb (\u00ab Toi qui viens du ciel \u00bb), \u00e9voque un sentiment de lassitude et un d\u00e9sir de r\u00e9pit face aux tourments de la vie.<\/p>\n<p>Les premiers vers du po\u00e8me s&rsquo;adressent directement \u00e0 une puissance sup\u00e9rieure\u00a0:<\/p>\n<blockquote>\n<p>Toi qui viens du ciel, \u00e9coute ma pri\u00e8re,<\/p>\n<p>Apaise ma douleur et ma souffrance.<\/p>\n<p>Car \u00e0 ma double mis\u00e8re,<\/p>\n<p>Accorde un double soulagement.<\/p>\n<\/blockquote>\n<p>Cette pri\u00e8re pour une intervention divine donne le ton au th\u00e8me central du po\u00e8me : la recherche de r\u00e9confort. L&rsquo;\u00e9puisement du locuteur est palpable\u00a0:<\/p>\n<blockquote>\n<p>Oh, comme je suis las\u00a0! Je cherche la d\u00e9livrance\u00a0!<\/p>\n<p>Douleur et d\u00e9sir ont jou\u00e9 leur r\u00f4le.<\/p>\n<p>Ah, douce paix\u00a0!<\/p>\n<p>Viens, oh viens dans mon c\u0153ur.<\/p>\n<\/blockquote>\n<p>La simplicit\u00e9 du langage renforce l&rsquo;impact \u00e9motionnel du po\u00e8me. La r\u00e9p\u00e9tition de \u00ab\u00a0double\u00a0\u00bb souligne l&rsquo;intensit\u00e9 de la souffrance du locuteur, tandis que l&rsquo;appel direct \u00e0 la \u00ab\u00a0douce paix\u00a0\u00bb met en \u00e9vidence la profondeur de son d\u00e9sir de tranquillit\u00e9.<\/p>\n<p>Le texte original allemand, appr\u00e9ci\u00e9 par des compositeurs comme Schubert et Liszt, souligne davantage la beaut\u00e9 du po\u00e8me\u00a0:<\/p>\n<blockquote>\n<p><em>Der du von dem Himmel bist<\/em><\/p>\n<p><em>Alles Leid und Schmerzen stillest,<\/em><\/p>\n<p><em>Den, der doppelt elend ist,<\/em><\/p>\n<p><em>Doppelt mit Erquickung f\u00fcllest;<\/em><\/p>\n<p><em>Ach, ich bin des Treibens m\u00fcde!<\/em><\/p>\n<p><em>Was soll all der Schmerz und Lust?<\/em><\/p>\n<p><em>S\u00fc\u00dfer Friede,<\/em><\/p>\n<p><em>Komm, ach komm in meine Brust!<\/em><\/p>\n<\/blockquote>\n<h2>L&rsquo;\u00e9nergie de la nature : \u00ab Sommer \u00bb<\/h2>\n<p>Contrairement \u00e0 l&rsquo;introspection de \u00ab\u00a0Wandrers Nachtlied\u00a0\u00bb, \u00ab\u00a0Sommer\u00a0\u00bb, \u00e9crit vers 1810, c\u00e9l\u00e8bre l&rsquo;\u00e9nergie vibrante de l&rsquo;\u00e9t\u00e9. La structure plus formelle du po\u00e8me refl\u00e8te une \u00e9laboration d\u00e9lib\u00e9r\u00e9e de l&rsquo;imagerie et de l&rsquo;\u00e9motion.<\/p>\n<p>Goethe dresse un tableau vivant de l&rsquo;attrait de l&rsquo;\u00e9t\u00e9\u00a0:<\/p>\n<blockquote>\n<p>L&rsquo;\u00e9t\u00e9 est l\u00e0, avec des jours plus longs et plus chauds.<\/p>\n<p>La lumi\u00e8re nous invite \u00e0 sortir<\/p>\n<p>O\u00f9, pr\u00e8s de la cascade, sur les rochers, nous nous pr\u00e9lassons,<\/p>\n<p>Satisfaits par la boisson et les paroles inspirantes.<\/p>\n<\/blockquote>\n<p>Le po\u00e8me introduit ensuite un changement de ton dramatique, refl\u00e9tant la nature impr\u00e9visible des orages d&rsquo;\u00e9t\u00e9\u00a0:<\/p>\n<blockquote>\n<p>Alors que le tonnerre gronde et que les \u00e9clairs jaillissent,<\/p>\n<p>Une grotte en forme de chapeau offre un abri.<\/p>\n<p>\u00c0 travers les \u00e9clairs et le fracas, nous nous serrons les uns contre les autres,<\/p>\n<p>Mais l&rsquo;amour sourit sous la temp\u00eate.<\/p>\n<\/blockquote>\n<p>La juxtaposition de l&rsquo;intensit\u00e9 de l&rsquo;orage et de la pr\u00e9sence durable de l&rsquo;amour cr\u00e9e une image puissante et m\u00e9morable. Le texte original allemand capture l&rsquo;\u00e9nergie brute de l&rsquo;orage\u00a0:<\/p>\n<blockquote>\n<p><em>Der Sommer folgt. Es wachsen Tag und Hitze,<\/em><\/p>\n<p><em>und von den Auen dr\u00e4nget uns die Glut;<\/em><\/p>\n<p><em>doch dort am Wasserfall, am Felsensitze<\/em><\/p>\n<p><em>erquickt ein Trunk, erfrischt ein Wort das Blut.<\/em><\/p>\n<p><em>Der Donner rollt, schon kreuzen sich die Blitze,<\/em><\/p>\n<p><em>die H\u00f6hle w\u00f6lbt sich auf zur sichern Hut,<\/em><\/p>\n<p><em>dem Tosen nach kracht schnell ein knatternd Schmettern;<\/em><\/p>\n<p><em>doch Liebe l\u00e4chelt unter Sturm und Wettern.<\/em><\/p>\n<\/blockquote>\n<h2>Nostalgie et connexion : \u00ab N\u00e4he des Geliebten \u00bb<\/h2>\n<p>Publi\u00e9 en 1825, \u00ab\u00a0N\u00e4he des Geliebten\u00a0\u00bb explore le pouvoir durable de l&rsquo;amour \u00e0 distance. Inspir\u00e9 par le po\u00e8me \u00ab\u00a0Ich Denke Dein\u00a0\u00bb de Friederike Brun, Goethe adopte une structure similaire et une perspective f\u00e9minine, exprimant le d\u00e9sir ardent d&rsquo;une femme s\u00e9par\u00e9e de son bien-aim\u00e9.<\/p>\n<p>Le po\u00e8me entrelace imagerie naturelle et nostalgie\u00a0:<\/p>\n<blockquote>\n<p>Je pense \u00e0 toi, chaque fois que la lumi\u00e8re du soleil scintille<\/p>\n<p>Sur les reflets de l&rsquo;oc\u00e9an.<\/p>\n<p>Je pense \u00e0 toi, chaque fois que le clair de lune scintille<\/p>\n<p>Sur les ruisseaux peints.<\/p>\n<p>Je te vois quand, sur une route poussi\u00e9reuse,<\/p>\n<p>Ton visage appara\u00eet.<\/p>\n<p>Dans la nuit la plus sombre, quand sur un sentier \u00e9troit<\/p>\n<p>Je tremble de peur.<\/p>\n<p>Je t&rsquo;entends dans le bruit sourd et lointain<\/p>\n<p>Du ressac de l&rsquo;oc\u00e9an.<\/p>\n<p>Dans les bosquets tranquilles, j&rsquo;\u00e9coute, tout autour<\/p>\n<p>Quand tout est silencieux.<\/p>\n<p>Bien que nous soyons loin l&rsquo;un de l&rsquo;autre, nos c\u0153urs s&rsquo;entrelacent,<\/p>\n<p>Je te sens pr\u00e8s de moi\u00a0!<\/p>\n<p>Le soleil se couche et bient\u00f4t les \u00e9toiles brilleront\u00a0;<\/p>\n<p>Oh, si seulement tu \u00e9tais l\u00e0\u00a0!<\/p>\n<\/blockquote>\n<p>La r\u00e9p\u00e9tition de \u00ab\u00a0Je pense \u00e0 toi\u00a0\u00bb, \u00ab\u00a0Je te vois\u00a0\u00bb et \u00ab\u00a0Je t&rsquo;entends\u00a0\u00bb souligne l&rsquo;omnipr\u00e9sence de l&rsquo;amour du locuteur. Le po\u00e8me culmine dans une expression poignante de nostalgie\u00a0: \u00ab\u00a0Oh, si seulement tu \u00e9tais l\u00e0\u00a0!\u00a0\u00bb L&rsquo;original allemand capture les nuances de ce paysage \u00e9motionnel\u00a0:<\/p>\n<blockquote>\n<p><em>Ich denke dein, wenn mir der Sonne Schimmer<\/em><\/p>\n<p><em>Vom Meere strahlt;<\/em><\/p>\n<p><em>Ich denke dein, wenn sich des Mondes Flimmer<\/em><\/p>\n<p><em>In Quellen malt.<\/em><\/p>\n<p><em>Ich sehe dich, wenn auf dem fernen Wege<\/em><\/p>\n<p><em>Der Staub sich hebt;<\/em><\/p>\n<p><em>In tiefer Nacht, wenn auf dem schmalen Stege<\/em><\/p>\n<p><em>Der Wandrer bebt.<\/em><\/p>\n<p><em>Ich h\u00f6re dich, wenn dort mit dumpfem Rauschen<\/em><\/p>\n<p><em>Die Welle steigt.<\/em><\/p>\n<p><em>Im stillen Haine geh ich oft zu lauschen,<\/em><\/p>\n<p><em>Wenn alles schweigt.<\/em><\/p>\n<p><em>Ich bin bei dir, du seist auch noch so ferne,<\/em><\/p>\n<p><em>Du bist mir nah!<\/em><\/p>\n<p><em>Die Sonne sinkt, bald leuchten mir die Sterne.<\/em><\/p>\n<p><em>O w\u00e4rst du da!<\/em><\/p>\n<\/blockquote>\n<h2>L&rsquo;h\u00e9ritage durable de Goethe<\/h2>\n<p>Ces trois po\u00e8mes, chacun distinct par son style et son th\u00e8me, offrent un aper\u00e7u de la richesse et de la complexit\u00e9 de la vision po\u00e9tique de Goethe. De la contemplation tranquille de \u00ab\u00a0Wandrers Nachtlied\u00a0\u00bb \u00e0 l&rsquo;\u00e9nergie vibrante de \u00ab\u00a0Sommer\u00a0\u00bb et \u00e0 la nostalgie sinc\u00e8re de \u00ab\u00a0N\u00e4he des Geliebten\u00a0\u00bb, l&rsquo;\u0153uvre de Goethe continue de r\u00e9sonner aupr\u00e8s des lecteurs, nous invitant \u00e0 explorer les profondeurs de l&rsquo;\u00e9motion humaine et la beaut\u00e9 du monde naturel. Sa capacit\u00e9 \u00e0 saisir des exp\u00e9riences universelles dans un langage \u00e9vocateur lui assure une place de g\u00e9ant litt\u00e9raire dont l&rsquo;\u0153uvre transcende le temps et les langues.<\/p>\n","protected":false},"excerpt":{"rendered":"<p>Johann Wolfgang von Goethe (1749-1832), figure embl\u00e9matique de la litt\u00e9rature allemande, a captiv\u00e9 ses lecteurs par sa profonde compr\u00e9hension de &#8230; <a title=\"L&rsquo;univers po\u00e9tique de Goethe : amour, nature et nostalgie\" class=\"read-more\" href=\"https:\/\/latrespace.com\/fr\/lunivers-poetique-de-goethe-amour-nature-et-nostalgie\/\" aria-label=\"Read more about L&rsquo;univers po\u00e9tique de Goethe : amour, nature et nostalgie\"> <\/a><\/p>\n","protected":false},"author":1,"featured_media":0,"comment_status":"closed","ping_status":"closed","sticky":false,"template":"","format":"standard","meta":{"footnotes":""},"categories":[55],"tags":[],"class_list":["post-5358","post","type-post","status-publish","format-standard","hentry","category-poemes-preferes","generate-columns","tablet-grid-50","mobile-grid-100","grid-parent","grid-25"],"lang":"fr","translations":{"fr":5358,"en":626,"es":12806,"de":15311},"_links":{"self":[{"href":"https:\/\/latrespace.com\/fr\/wp-json\/wp\/v2\/posts\/5358","targetHints":{"allow":["GET"]}}],"collection":[{"href":"https:\/\/latrespace.com\/fr\/wp-json\/wp\/v2\/posts"}],"about":[{"href":"https:\/\/latrespace.com\/fr\/wp-json\/wp\/v2\/types\/post"}],"author":[{"embeddable":true,"href":"https:\/\/latrespace.com\/fr\/wp-json\/wp\/v2\/users\/1"}],"replies":[{"embeddable":true,"href":"https:\/\/latrespace.com\/fr\/wp-json\/wp\/v2\/comments?post=5358"}],"version-history":[{"count":0,"href":"https:\/\/latrespace.com\/fr\/wp-json\/wp\/v2\/posts\/5358\/revisions"}],"wp:attachment":[{"href":"https:\/\/latrespace.com\/fr\/wp-json\/wp\/v2\/media?parent=5358"}],"wp:term":[{"taxonomy":"category","embeddable":true,"href":"https:\/\/latrespace.com\/fr\/wp-json\/wp\/v2\/categories?post=5358"},{"taxonomy":"post_tag","embeddable":true,"href":"https:\/\/latrespace.com\/fr\/wp-json\/wp\/v2\/tags?post=5358"}],"curies":[{"name":"wp","href":"https:\/\/api.w.org\/{rel}","templated":true}]}}