{"id":5557,"date":"2025-05-05T21:30:36","date_gmt":"2025-05-05T21:30:36","guid":{"rendered":"https:\/\/latrespace.com\/explorer-les-paysages-poetiques-de-brian-palmer\/"},"modified":"2025-05-05T21:30:36","modified_gmt":"2025-05-05T21:30:36","slug":"explorer-les-paysages-poetiques-de-brian-palmer","status":"publish","type":"post","link":"https:\/\/latrespace.com\/fr\/explorer-les-paysages-poetiques-de-brian-palmer\/","title":{"rendered":"Explorer les paysages po\u00e9tiques de Brian Palmer"},"content":{"rendered":"<p>Brian Palmer, r\u00e9dacteur en chef du magazine <em>THINK<\/em>, cr\u00e9e des po\u00e8mes qui r\u00e9sonnent d&rsquo;une contemplation tranquille de la nature et du passage du temps. Ses \u0153uvres, souvent impr\u00e9gn\u00e9es d&rsquo;images naturelles et d&rsquo;un sentiment de douce m\u00e9lancolie, invitent les lecteurs \u00e0 s&rsquo;arr\u00eater et \u00e0 r\u00e9fl\u00e9chir sur la beaut\u00e9 subtile du quotidien. Cette exploration se penche sur deux des po\u00e8mes de Palmer, \u00ab\u00a0Vers nocturnes\u00a0\u00bb et \u00ab\u00a0Les collines et les heures\u00a0\u00bb, en analysant leurs th\u00e8mes, leurs images et le paysage \u00e9motionnel qu&rsquo;ils cr\u00e9ent.<\/p>\n<h2>D\u00e9chiffrer \u00ab\u00a0Vers nocturnes\u00a0\u00bb<\/h2>\n<p>\u00ab\u00a0Vers nocturnes\u00a0\u00bb pr\u00e9sente une exploration d\u00e9licate de la m\u00e9moire et de la nature \u00e9ph\u00e9m\u00e8re de l&rsquo;inspiration. Le po\u00e8me s&rsquo;ouvre sur l&rsquo;image de la brise du soir emportant les pens\u00e9es, laissant derri\u00e8re elle des fragments de la journ\u00e9e. Ces fragments sont compar\u00e9s \u00e0 des \u00ab\u00a0os fragiles d&rsquo;oiseaux\u00a0\u00bb, sugg\u00e9rant la fragilit\u00e9 et l&rsquo;impermanence des id\u00e9es et des \u00e9tincelles cr\u00e9atives.<\/p>\n<p>L&rsquo;acte du po\u00e8te de rassembler ces \u00ab\u00a0mots abandonn\u00e9s\u00a0\u00bb et de les transformer en \u00ab\u00a0vers sous la lune des moissons\u00a0\u00bb t\u00e9moigne du processus cr\u00e9atif de r\u00e9cup\u00e9ration et de remodelage de fragments d&rsquo;exp\u00e9rience en quelque chose de significatif. L&rsquo;\u00ab\u00a0oiseau raviv\u00e9, d\u00e9chiffr\u00e9\u00a0\u00bb symbolise le po\u00e8me lui-m\u00eame, un moment fugace d&rsquo;inspiration captur\u00e9e qui est finalement rel\u00e2ch\u00e9 dans le monde.<\/p>\n<h2>Les significations superpos\u00e9es de \u00ab\u00a0Les collines et les heures\u00a0\u00bb<\/h2>\n<p>\u00ab\u00a0Les collines et les heures\u00a0\u00bb d\u00e9veloppe les th\u00e8mes du temps et de la nature, explorant le contraste entre l&rsquo;immensit\u00e9 du monde naturel et les espaces confin\u00e9s de l&rsquo;existence humaine. La structure du po\u00e8me, divis\u00e9e en trois sections distinctes, refl\u00e8te les collines superpos\u00e9es elles-m\u00eames, chaque couche ajoutant de la profondeur et de la complexit\u00e9 \u00e0 la signification globale.<\/p>\n<p>La premi\u00e8re section \u00e9tablit le d\u00e9cor\u00a0: des collines superpos\u00e9es dans des tons de gris et de bleu, remplies du \u00ab\u00a0bourdonnement de la profondeur et de la distance\u00a0\u00bb. Ce vaste paysage est juxtapos\u00e9 aux \u00ab\u00a0lieux press\u00e9s et habituels\u00a0\u00bb de l&rsquo;habitation humaine, sugg\u00e9rant un sentiment de confinement et un d\u00e9sir de quelque chose au-del\u00e0 du familier.<\/p>\n<p>La deuxi\u00e8me section explore le langage des collines, un langage parl\u00e9 par les \u00ab\u00a0feuilles, les hiboux, les foug\u00e8res et les crapauds\u00a0\u00bb, grav\u00e9 dans les ruisseaux et inscrit dans la roche. Ce langage, bien que pr\u00e9sent et omnipr\u00e9sent, reste largement ind\u00e9chiffrable pour ceux qui ne cherchent pas activement \u00e0 le comprendre. Les \u00ab\u00a0codes lotiques, lentiques et tectoniques\u00a0\u00bb font allusion aux syst\u00e8mes complexes et interconnect\u00e9s du monde naturel.<\/p>\n<p>La derni\u00e8re section introduit le concept de paysages \u00ab\u00a0palimpsestes\u00a0\u00bb, o\u00f9 l&rsquo;ancien c\u00e8de la place au nouveau, refl\u00e9tant la nature cyclique du temps et le processus constant de renouveau et de d\u00e9composition. Pourtant, malgr\u00e9 cette transformation omnipr\u00e9sente, l&rsquo;image finale du po\u00e8me est celle de l&rsquo;immobilit\u00e9 et du confinement\u00a0: de \u00ab\u00a0petits vases de fleurs coup\u00e9es\u00a0\u00bb dans les \u00ab\u00a0cuisines de chaque jour qui passe\u00a0\u00bb, repr\u00e9sentant la tendance humaine \u00e0 rester d\u00e9tach\u00e9e du monde naturel et de ses rythmes inh\u00e9rents.<\/p>\n<h2>Une r\u00e9sonance contemplative<\/h2>\n<p>\u00ab\u00a0Vers nocturnes\u00a0\u00bb et \u00ab\u00a0Les collines et les heures\u00a0\u00bb invitent \u00e0 la contemplation sur la nature \u00e9ph\u00e9m\u00e8re du temps, le pouvoir de la m\u00e9moire et la relation complexe entre l&rsquo;humanit\u00e9 et le monde naturel. L&rsquo;imagerie \u00e9vocatrice de Palmer et son exploration r\u00e9fl\u00e9chie de ces th\u00e8mes cr\u00e9ent un paysage po\u00e9tique qui r\u00e9sonne d&rsquo;une beaut\u00e9 tranquille et d&rsquo;un profond sentiment d&rsquo;introspection. Son \u0153uvre nous encourage \u00e0 regarder au-del\u00e0 de la surface du quotidien et \u00e0 d\u00e9couvrir les significations plus profondes cach\u00e9es dans l&rsquo;ordinaire.<\/p>\n","protected":false},"excerpt":{"rendered":"<p>Brian Palmer, r\u00e9dacteur en chef du magazine THINK, cr\u00e9e des po\u00e8mes qui r\u00e9sonnent d&rsquo;une contemplation tranquille de la nature et &#8230; <a title=\"Explorer les paysages po\u00e9tiques de Brian Palmer\" class=\"read-more\" href=\"https:\/\/latrespace.com\/fr\/explorer-les-paysages-poetiques-de-brian-palmer\/\" aria-label=\"Read more about Explorer les paysages po\u00e9tiques de Brian Palmer\"> <\/a><\/p>\n","protected":false},"author":1,"featured_media":0,"comment_status":"closed","ping_status":"closed","sticky":false,"template":"","format":"standard","meta":{"footnotes":""},"categories":[55],"tags":[],"class_list":["post-5557","post","type-post","status-publish","format-standard","hentry","category-poemes-preferes","generate-columns","tablet-grid-50","mobile-grid-100","grid-parent","grid-25"],"lang":"fr","translations":{"fr":5557,"en":1580,"de":6017,"es":6096},"_links":{"self":[{"href":"https:\/\/latrespace.com\/fr\/wp-json\/wp\/v2\/posts\/5557","targetHints":{"allow":["GET"]}}],"collection":[{"href":"https:\/\/latrespace.com\/fr\/wp-json\/wp\/v2\/posts"}],"about":[{"href":"https:\/\/latrespace.com\/fr\/wp-json\/wp\/v2\/types\/post"}],"author":[{"embeddable":true,"href":"https:\/\/latrespace.com\/fr\/wp-json\/wp\/v2\/users\/1"}],"replies":[{"embeddable":true,"href":"https:\/\/latrespace.com\/fr\/wp-json\/wp\/v2\/comments?post=5557"}],"version-history":[{"count":0,"href":"https:\/\/latrespace.com\/fr\/wp-json\/wp\/v2\/posts\/5557\/revisions"}],"wp:attachment":[{"href":"https:\/\/latrespace.com\/fr\/wp-json\/wp\/v2\/media?parent=5557"}],"wp:term":[{"taxonomy":"category","embeddable":true,"href":"https:\/\/latrespace.com\/fr\/wp-json\/wp\/v2\/categories?post=5557"},{"taxonomy":"post_tag","embeddable":true,"href":"https:\/\/latrespace.com\/fr\/wp-json\/wp\/v2\/tags?post=5557"}],"curies":[{"name":"wp","href":"https:\/\/api.w.org\/{rel}","templated":true}]}}