{"id":5949,"date":"2025-05-06T08:52:37","date_gmt":"2025-05-06T08:52:37","guid":{"rendered":"https:\/\/latrespace.com\/la-ballade-du-sanglier-et-des-freres\/"},"modified":"2025-05-06T08:52:37","modified_gmt":"2025-05-06T08:52:37","slug":"la-ballade-du-sanglier-et-des-freres","status":"publish","type":"post","link":"https:\/\/latrespace.com\/fr\/la-ballade-du-sanglier-et-des-freres\/","title":{"rendered":"La Ballade du Sanglier et des Fr\u00e8res"},"content":{"rendered":"<p>Cette ballade frissonnante, adapt\u00e9e des <em>Contes de l&rsquo;enfance et du foyer<\/em> (1812) des fr\u00e8res Grimm, explore les th\u00e8mes de la rivalit\u00e9 fraternelle, de la jalousie et de la justice divine. Des \u00e9chos de ce r\u00e9cit se retrouvent dans divers folklores europ\u00e9ens, nous rappelant la puissance durable des histoires de trahison et de ch\u00e2timent.<\/p>\n<h2>Une Prime Royale et une Comp\u00e9tition Fraternelle<\/h2>\n<p>Un sanglier monstrueux ravage la campagne, laissant la destruction dans son sillage. Le roi, depuis la s\u00e9curit\u00e9 de son carrosse, promet la main de sa fille en mariage \u00e0 celui qui tuera la b\u00eate. Deux fr\u00e8res, fils d&rsquo;un pauvre villageois, rel\u00e8vent le d\u00e9fi. L&rsquo;a\u00een\u00e9, rus\u00e9 et arrogant, entre dans la for\u00eat par l&rsquo;ouest. Le cadet, au c\u0153ur pur mais inexp\u00e9riment\u00e9, entre par l&rsquo;est.<\/p>\n<h2>Un Don et une Rencontre Macabre<\/h2>\n<p>Le cadet rencontre un nain qui lui offre une lance noire enchant\u00e9e, lui assurant la victoire. Bient\u00f4t, le sanglier monstrueux charge, une \u00ab montagne de muscles \u00bb. Avec la lance du nain, le jeune homme perce le c\u0153ur du sanglier, abattant la b\u00eate.<\/p>\n<p>Il jette la carcasse sur son dos, envisageant la r\u00e9compense. En approchant du palais, il entend des sons de c\u00e9l\u00e9bration, un mariage d\u00e9j\u00e0 en cours. \u00c9puis\u00e9, il s&rsquo;arr\u00eate pour se rafra\u00eechir et rencontre son fr\u00e8re a\u00een\u00e9.<\/p>\n<h2>Une Cruelle Tromperie<\/h2>\n<p>Le fr\u00e8re a\u00een\u00e9, n&rsquo;ayant pas trouv\u00e9 le sanglier, feint l&rsquo;inqui\u00e9tude et offre du vin \u00e0 son cadet. Sans m\u00e9fiance, le jeune fr\u00e8re raconte son histoire, r\u00e9v\u00e9lant le nain et la lance magique. L&rsquo;a\u00een\u00e9, rong\u00e9 par la jalousie, lui fait boire davantage, ourdissant un plan sinistre.<\/p>\n<p>Alors qu&rsquo;ils rentrent chez eux, ils atteignent un pont. Le fr\u00e8re a\u00een\u00e9 presse le cadet de traverser en premier, promettant de suivre avec le sanglier. Une fois le cadet sur le pont, le fr\u00e8re a\u00een\u00e9 le frappe \u00e0 mort et enterre le corps sous le pont. Il r\u00e9clame ensuite le sanglier comme le sien, le pr\u00e9sentant au roi et r\u00e9clamant la main de la princesse.<\/p>\n<h2>La D\u00e9couverte du Berger<\/h2>\n<p>Des ann\u00e9es passent et le crime reste cach\u00e9. Mais la justice divine est patiente. Un berger, trouvant un petit os blanc pr\u00e8s du pont, le transforme en embouchure pour son cor. Lorsqu&rsquo;il souffle dans le cor, une m\u00e9lodie obs\u00e9dante \u00e9merge, l&rsquo;os chantant le meurtre du jeune fr\u00e8re.<\/p>\n<p>Le berger apporte le cor au roi qui, en entendant le chant de l&rsquo;os, comprend la v\u00e9rit\u00e9. Les restes du cadet sont exhum\u00e9s et la tra\u00eetrise de l&rsquo;a\u00een\u00e9 est expos\u00e9e. Il est cousu dans un sac et jet\u00e9 dans la rivi\u00e8re, un ch\u00e2timent appropri\u00e9 pour son crime. Les os du fr\u00e8re assassin\u00e9 sont enterr\u00e9s en terre consacr\u00e9e.<\/p>\n<h2>Une Morale Intemporelle<\/h2>\n<p>Ce r\u00e9cit sinistre nous rappelle que la justice, bien que parfois retard\u00e9e, finira par triompher. La puissance de la ballade r\u00e9side dans son exploration de la faillibilit\u00e9 humaine et des th\u00e8mes \u00e9ternels de l&rsquo;envie, de la tromperie et du triomphe du bien sur le mal. Elle sert de mise en garde contre les cons\u00e9quences d&rsquo;une ambition d\u00e9mesur\u00e9e et la pr\u00e9sence durable de la conscience et du ch\u00e2timent divin. Le po\u00e8me est attribu\u00e9 \u00e0 Jan Darling, un po\u00e8te et conteur contemporain au riche parcours international.<\/p>\n","protected":false},"excerpt":{"rendered":"<p>Cette ballade frissonnante, adapt\u00e9e des Contes de l&rsquo;enfance et du foyer (1812) des fr\u00e8res Grimm, explore les th\u00e8mes de la &#8230; <a title=\"La Ballade du Sanglier et des Fr\u00e8res\" class=\"read-more\" href=\"https:\/\/latrespace.com\/fr\/la-ballade-du-sanglier-et-des-freres\/\" aria-label=\"Read more about La Ballade du Sanglier et des Fr\u00e8res\"> <\/a><\/p>\n","protected":false},"author":1,"featured_media":0,"comment_status":"closed","ping_status":"closed","sticky":false,"template":"","format":"standard","meta":{"footnotes":""},"categories":[55],"tags":[],"class_list":["post-5949","post","type-post","status-publish","format-standard","hentry","category-poemes-preferes","generate-columns","tablet-grid-50","mobile-grid-100","grid-parent","grid-25"],"lang":"fr","translations":{"fr":5949,"en":1629,"es":5728,"de":13062},"_links":{"self":[{"href":"https:\/\/latrespace.com\/fr\/wp-json\/wp\/v2\/posts\/5949","targetHints":{"allow":["GET"]}}],"collection":[{"href":"https:\/\/latrespace.com\/fr\/wp-json\/wp\/v2\/posts"}],"about":[{"href":"https:\/\/latrespace.com\/fr\/wp-json\/wp\/v2\/types\/post"}],"author":[{"embeddable":true,"href":"https:\/\/latrespace.com\/fr\/wp-json\/wp\/v2\/users\/1"}],"replies":[{"embeddable":true,"href":"https:\/\/latrespace.com\/fr\/wp-json\/wp\/v2\/comments?post=5949"}],"version-history":[{"count":0,"href":"https:\/\/latrespace.com\/fr\/wp-json\/wp\/v2\/posts\/5949\/revisions"}],"wp:attachment":[{"href":"https:\/\/latrespace.com\/fr\/wp-json\/wp\/v2\/media?parent=5949"}],"wp:term":[{"taxonomy":"category","embeddable":true,"href":"https:\/\/latrespace.com\/fr\/wp-json\/wp\/v2\/categories?post=5949"},{"taxonomy":"post_tag","embeddable":true,"href":"https:\/\/latrespace.com\/fr\/wp-json\/wp\/v2\/tags?post=5949"}],"curies":[{"name":"wp","href":"https:\/\/api.w.org\/{rel}","templated":true}]}}