{"id":5974,"date":"2025-05-06T09:09:42","date_gmt":"2025-05-06T09:09:42","guid":{"rendered":"https:\/\/latrespace.com\/sonnets-espagnols-gongora-nervo-et-lope-de-vega\/"},"modified":"2025-05-06T09:09:42","modified_gmt":"2025-05-06T09:09:42","slug":"sonnets-espagnols-gongora-nervo-et-lope-de-vega","status":"publish","type":"post","link":"https:\/\/latrespace.com\/fr\/sonnets-espagnols-gongora-nervo-et-lope-de-vega\/","title":{"rendered":"Sonnets espagnols : G\u00f3ngora, Nervo et Lope de Vega"},"content":{"rendered":"<p>L&rsquo;\u00c2ge d&rsquo;or de la litt\u00e9rature espagnole (1500-1681) a offert au monde une pl\u00e9thore de talents po\u00e9tiques. Cet article explore les \u0153uvres de trois figures marquantes de cette \u00e9poque : Luis de G\u00f3ngora, Amado Nervo et Lope de Vega, en examinant les styles et les th\u00e8mes distinctifs qui caract\u00e9risent leurs sonnets. Gr\u00e2ce \u00e0 des traductions, nous explorerons la beaut\u00e9 et la complexit\u00e9 de leurs expressions po\u00e9tiques.<\/p>\n<h2>La Nymphe de G\u00f3ngora : Une tapisserie baroque<\/h2>\n<p>G\u00f3ngora, ma\u00eetre du style baroque, tisse des images complexes et une syntaxe \u00e9labor\u00e9e dans sa po\u00e9sie. \u00ab\u00a0La Nymphe\u00a0\u00bb illustre son <em>culteranismo<\/em> caract\u00e9ristique, un style marqu\u00e9 par un langage recherch\u00e9 et des allusions. Le po\u00e8me d\u00e9crit une nymphe se parant de fleurs, sa beaut\u00e9 surpassant m\u00eame les constellations c\u00e9lestes.<\/p>\n<p>Le po\u00e8me s&rsquo;ouvre sur la nymphe \u00e9mergeant \u00e0 l&rsquo;aube, ses actions stimulant la croissance des fleurs autour d&rsquo;elle. L&rsquo;utilisation de la personnification et des images vives par G\u00f3ngora \u00e9tablit le lien de la nymphe avec le monde naturel\u00a0:<\/p>\n<blockquote>\n<p>Au point du jour, une nymphe s\u2019en vint\u00a0; \u00e0 son passage, les fleurs, bien qu\u2019elle en cueill\u00eet quelques-unes, naissaient plus nombreuses encore sous ses pieds.<\/p>\n<\/blockquote>\n<p>Le vent joue avec ses cheveux dor\u00e9s, cr\u00e9ant un parall\u00e8le visuel avec le bruissement des feuilles. Cette comparaison renforce l&rsquo;int\u00e9gration harmonieuse de la nymphe avec la nature\u00a0:<\/p>\n<blockquote>\n<p>L\u2019air s\u2019\u00e9chauffa, et le vent, soufflant mollement,\u00a0\/\u00a0agitait sa chevelure brillante et blonde,\u00a0\/\u00a0comme, au lever du jour, le vent du sud fait bruire\u00a0\/\u00a0sans rel\u00e2che le feuillage tremblant.<\/p>\n<\/blockquote>\n<p>L&rsquo;image culminante de la guirlande florale de la nymphe \u00e9clipsant les \u00e9toiles souligne le pouvoir transcendantal de la beaut\u00e9 terrestre, un th\u00e8me courant dans la po\u00e9sie baroque.<\/p>\n<h2>En paix de Nervo : Une r\u00e9conciliation avec la vie<\/h2>\n<p>\u00ab\u00a0En paix\u00a0\u00bb de Nervo offre une perspective contrast\u00e9e, ax\u00e9e sur l&rsquo;acceptation des complexit\u00e9s de la vie. Le po\u00e8me refl\u00e8te le parcours du po\u00e8te, reconnaissant \u00e0 la fois les joies et les peines. Le ton de Nervo est contemplatif et empreint de gratitude\u00a0:<\/p>\n<blockquote>\n<p>Je te b\u00e9nis, \u00f4 Vie, au seuil du cr\u00e9puscule,\u00a0\/\u00a0parce que tu ne m\u2019as donn\u00e9 ni espoir d\u00e9\u00e7u,\u00a0\/\u00a0ni travail injuste, ni larmes imm\u00e9rit\u00e9es.<\/p>\n<\/blockquote>\n<p>Cette ouverture pr\u00e9pare le terrain pour un bilan r\u00e9trospectif de la vie. Le po\u00e8te reconna\u00eet les difficult\u00e9s rencontr\u00e9es, mais souligne la nature autod\u00e9termin\u00e9e de son destin. Il reconna\u00eet avoir r\u00e9colt\u00e9 ce qu&rsquo;il a sem\u00e9\u00a0:<\/p>\n<blockquote>\n<p>si j\u2019ai bu le miel ou le fiel, c\u2019est que je les avais vers\u00e9s moi-m\u00eame dans la coupe,\u00a0\/\u00a0et si j\u2019ai plant\u00e9 des roses, ce sont des roses que j\u2019ai cueillies.<\/p>\n<\/blockquote>\n<p>Le po\u00e8me culmine dans une profonde d\u00e9claration de paix avec la vie. Ayant connu l&rsquo;amour et la joie, le po\u00e8te ne ressent aucune dette ni ressentiment\u00a0:<\/p>\n<blockquote>\n<p>J\u2019ai aim\u00e9\u2026 j\u2019ai \u00e9t\u00e9 aim\u00e9\u2026 j\u2019ai eu ma part de soleil.\u00a0\/\u00a0Tu ne me dois rien, \u00f4 Vie\u00a0! Nous sommes en paix\u00a0!<\/p>\n<\/blockquote>\n<h2>Demain\u00a0! de Lope de Vega : Une lutte spirituelle<\/h2>\n<p>Lope de Vega, c\u00e9l\u00e8bre pour sa production prolifique de pi\u00e8ces de th\u00e9\u00e2tre et de po\u00e8mes, pr\u00e9sente un dilemme spirituel dans \u00ab\u00a0Demain\u00a0!\u00a0\u00bb. Ce sonnet d\u00e9crit une lutte entre les d\u00e9sirs terrestres et l&rsquo;appel divin. Le po\u00e8me utilise la m\u00e9taphore d&rsquo;une porte ferm\u00e9e pour repr\u00e9senter la r\u00e9sistance du locuteur \u00e0 la gr\u00e2ce de Dieu.<\/p>\n<p>Le po\u00e8me s&rsquo;ouvre sur une s\u00e9rie de questions adress\u00e9es \u00e0 une figure divine, soulignant la confusion et le conflit interne du locuteur\u00a0:<\/p>\n<blockquote>\n<p>En quoi mon amiti\u00e9 pouvait-elle te plaire, Seigneur\u00a0?\u00a0\/\u00a0Que pouvais-tu attendre de moi, pour venir chercher mon \u00e2me,\u00a0\/\u00a0une nuit d\u2019hiver, sous la ros\u00e9e glac\u00e9e,\u00a0\/\u00a0devant ma porte close et verrouill\u00e9e\u00a0?<\/p>\n<\/blockquote>\n<p>Le locuteur reconna\u00eet la duret\u00e9 de son c\u0153ur et son manque de contrition. L&rsquo;image des blessures gel\u00e9es souligne l&rsquo;amour persistant et la souffrance de la figure divine\u00a0:<\/p>\n<blockquote>\n<p>Mon c\u0153ur ingrat et dur ne s\u2019est pas repenti,\u00a0\/\u00a0je ne t\u2019ai pas ouvert\u00a0; et c\u2019est une folie\u00a0\/\u00a0que tu n\u2019aies pu forcer la porte\u00a0: dehors, tes plaies\u00a0\/\u00a0rougissaient sur la blancheur du givre.<\/p>\n<\/blockquote>\n<p>Le motif r\u00e9current de \u00ab\u00a0demain\u00a0\u00bb r\u00e9v\u00e8le la procrastination du locuteur et sa lutte continue avec l&rsquo;abandon spirituel.<\/p>\n<h2>Conclusion : Une tapisserie de l&rsquo;expression po\u00e9tique espagnole<\/h2>\n<p>Ces trois sonnets, chacun distinct par son style et son th\u00e8me, offrent un aper\u00e7u de la richesse et de la diversit\u00e9 de l&rsquo;\u00c2ge d&rsquo;or de la po\u00e9sie espagnole. L&rsquo;extravagance baroque de G\u00f3ngora, la paix contemplative de Nervo et le drame spirituel de Lope de Vega illustrent la puissance durable de l&rsquo;expression po\u00e9tique. Gr\u00e2ce \u00e0 ces \u0153uvres, nous pouvons appr\u00e9cier l&rsquo;art et la profondeur \u00e9motionnelle de ces ma\u00eetres espagnols.<\/p>\n","protected":false},"excerpt":{"rendered":"<p>L&rsquo;\u00c2ge d&rsquo;or de la litt\u00e9rature espagnole (1500-1681) a offert au monde une pl\u00e9thore de talents po\u00e9tiques. Cet article explore les &#8230; <a title=\"Sonnets espagnols : G\u00f3ngora, Nervo et Lope de Vega\" class=\"read-more\" href=\"https:\/\/latrespace.com\/fr\/sonnets-espagnols-gongora-nervo-et-lope-de-vega\/\" aria-label=\"Read more about Sonnets espagnols : G\u00f3ngora, Nervo et Lope de Vega\"> <\/a><\/p>\n","protected":false},"author":1,"featured_media":0,"comment_status":"closed","ping_status":"closed","sticky":false,"template":"","format":"standard","meta":{"footnotes":""},"categories":[55],"tags":[],"class_list":["post-5974","post","type-post","status-publish","format-standard","hentry","category-poemes-preferes","generate-columns","tablet-grid-50","mobile-grid-100","grid-parent","grid-25"],"lang":"fr","translations":{"fr":5974,"en":1637,"de":3878,"es":13067},"_links":{"self":[{"href":"https:\/\/latrespace.com\/fr\/wp-json\/wp\/v2\/posts\/5974","targetHints":{"allow":["GET"]}}],"collection":[{"href":"https:\/\/latrespace.com\/fr\/wp-json\/wp\/v2\/posts"}],"about":[{"href":"https:\/\/latrespace.com\/fr\/wp-json\/wp\/v2\/types\/post"}],"author":[{"embeddable":true,"href":"https:\/\/latrespace.com\/fr\/wp-json\/wp\/v2\/users\/1"}],"replies":[{"embeddable":true,"href":"https:\/\/latrespace.com\/fr\/wp-json\/wp\/v2\/comments?post=5974"}],"version-history":[{"count":0,"href":"https:\/\/latrespace.com\/fr\/wp-json\/wp\/v2\/posts\/5974\/revisions"}],"wp:attachment":[{"href":"https:\/\/latrespace.com\/fr\/wp-json\/wp\/v2\/media?parent=5974"}],"wp:term":[{"taxonomy":"category","embeddable":true,"href":"https:\/\/latrespace.com\/fr\/wp-json\/wp\/v2\/categories?post=5974"},{"taxonomy":"post_tag","embeddable":true,"href":"https:\/\/latrespace.com\/fr\/wp-json\/wp\/v2\/tags?post=5974"}],"curies":[{"name":"wp","href":"https:\/\/api.w.org\/{rel}","templated":true}]}}