{"id":6146,"date":"2025-05-06T19:29:40","date_gmt":"2025-05-06T19:29:40","guid":{"rendered":"https:\/\/latrespace.com\/le-capitaine-francisco-menendez-un-poeme-de-liberte-et-de-resilience\/"},"modified":"2025-05-06T19:29:40","modified_gmt":"2025-05-06T19:29:40","slug":"le-capitaine-francisco-menendez-un-poeme-de-liberte-et-de-resilience","status":"publish","type":"post","link":"https:\/\/latrespace.com\/fr\/le-capitaine-francisco-menendez-un-poeme-de-liberte-et-de-resilience\/","title":{"rendered":"Le capitaine Francisco Menendez\u00a0: Un po\u00e8me de libert\u00e9 et de r\u00e9silience"},"content":{"rendered":"<p>L&rsquo;histoire du capitaine Francisco Menendez est un exemple remarquable de r\u00e9silience et un t\u00e9moignage de la force in\u00e9branlable de l&rsquo;esprit humain. N\u00e9 \u00e0 Mandinga, sur la c\u00f4te ouest de l&rsquo;Afrique, \u00e0 la fin du XVIIe si\u00e8cle, Menendez a commenc\u00e9 son p\u00e9riple dans une terre marqu\u00e9e par les conflits tribaux et la traite n\u00e9gri\u00e8re brutale. Captur\u00e9 et vendu comme esclave en Caroline, il a d\u00fb faire face \u00e0 des conditions difficiles et \u00e0 un travail ext\u00e9nuant. Pourtant, m\u00eame dans cet environnement oppressif, son intelligence et sa capacit\u00e9 d&rsquo;adaptation ont brill\u00e9. Il a appris de nouvelles langues, s&rsquo;est impr\u00e9gn\u00e9 de nouvelles cultures et a trouv\u00e9 l&rsquo;amour au milieu des troubles de la guerre des Yamasee. Ce po\u00e8me, \u00e9crit par Margaret Coats, retrace son parcours extraordinaire, d&rsquo;esclave \u00e0 chef d&rsquo;hommes, symbole de libert\u00e9 dans un monde d\u00e9fini par son absence.<\/p>\n<h2>De la captivit\u00e9 au capitanat\u00a0: Se frayer un chemin vers la libert\u00e9<\/h2>\n<p>Le po\u00e8me de Coats relate m\u00e9ticuleusement l&rsquo;\u00e9vasion de Menendez de la Caroline vers Saint Augustine, une colonie espagnole qui offrait la promesse de libert\u00e9. L\u00e0, Menendez a saisi de nouvelles opportunit\u00e9s, ma\u00eetrisant les comp\u00e9tences militaires, apprenant \u00e0 lire et \u00e0 \u00e9crire, et atteignant finalement le grade de capitaine de la milice noire. Son leadership a jou\u00e9 un r\u00f4le d\u00e9terminant dans l&rsquo;\u00e9tablissement de Fort Mos\u00e9, un phare de libert\u00e9 pour les esclaves en fuite.<\/p>\n<p>Le po\u00e8me souligne non seulement le parcours personnel de Menendez, mais aussi la lutte collective de ceux qui ont cherch\u00e9 refuge \u00e0 Fort Mos\u00e9. Ils ont pr\u00eat\u00e9 all\u00e9geance \u00e0 l&rsquo;Espagne et \u00e0 la foi catholique, trouvant dignit\u00e9 et raison d&rsquo;\u00eatre dans leur libert\u00e9 retrouv\u00e9e.<\/p>\n<h2>La chute et la renaissance de Fort Mos\u00e9\u00a0: Un t\u00e9moignage de courage<\/h2>\n<p>Fort Mos\u00e9, cependant, n&rsquo;\u00e9tait pas \u00e0 l&rsquo;abri du paysage politique volatile de l&rsquo;\u00e9poque. Le po\u00e8me raconte sa destruction tragique par les forces anglaises lors du si\u00e8ge de Saint Augustine, un rappel brutal de la nature pr\u00e9caire de la libert\u00e9. Pourtant, l&rsquo;esprit de Mos\u00e9 et de ses habitants n&rsquo;a pas \u00e9t\u00e9 bris\u00e9. Le fort a \u00e9t\u00e9 reconstruit, symbole de leur d\u00e9termination in\u00e9branlable.<\/p>\n<p>La vie de Menendez a pris une autre tournure cruelle lorsqu&rsquo;il a \u00e9t\u00e9 captur\u00e9 par les Anglais, tortur\u00e9 et de nouveau r\u00e9duit en esclavage. Cependant, son histoire est celle d&rsquo;une r\u00e9sistance au destin. Il est finalement retourn\u00e9 \u00e0 Mos\u00e9, reprenant son r\u00f4le de leader et affrontant de nouveaux d\u00e9fis avec un courage in\u00e9branlable.<\/p>\n<h2>Un h\u00e9ritage de libert\u00e9\u00a0: De Mos\u00e9 \u00e0 Cuba<\/h2>\n<p>Le dernier chapitre de la vie de Menendez, tel que d\u00e9crit dans le po\u00e8me, implique la cession de la Floride \u00e0 l&rsquo;Angleterre. Lui, sa famille et d&rsquo;autres r\u00e9sidents de Saint Augustine ont entrepris un autre voyage, s&rsquo;installant \u00e0 Cuba. La couronne espagnole a reconnu ses ann\u00e9es de loyaux services par une subvention, un hommage appropri\u00e9 \u00e0 un homme qui avait consacr\u00e9 sa vie \u00e0 la poursuite de la libert\u00e9.<\/p>\n<h2>Margaret Coats\u00a0: Tisser l&rsquo;histoire et la po\u00e9sie<\/h2>\n<p>Margaret Coats m\u00eale magistralement le r\u00e9cit historique \u00e0 l&rsquo;expression po\u00e9tique, donnant vie \u00e0 l&rsquo;histoire de Menendez avec des images vives et un langage \u00e9vocateur. Le po\u00e8me sert non seulement d&rsquo;hommage \u00e0 un individu remarquable, mais aussi d&rsquo;exploration puissante des th\u00e8mes de la r\u00e9silience, de la libert\u00e9 et de la force in\u00e9branlable de l&rsquo;esprit humain. Sa note d\u00e9taill\u00e9e de po\u00e8te fournit un contexte suppl\u00e9mentaire, enrichissant notre compr\u00e9hension de la vie de Menendez et de la toile de fond historique sur laquelle se d\u00e9roule son histoire.<\/p>\n<p>La structure du po\u00e8me, avec son arc narratif clair et ses d\u00e9tails soigneusement choisis, nous permet de nous connecter \u00e0 Menendez sur le plan humain, de comprendre ses luttes et de c\u00e9l\u00e9brer ses triomphes. C&rsquo;est une histoire qui r\u00e9sonne \u00e0 travers les si\u00e8cles, nous rappelant l&rsquo;importance de lutter pour ce en quoi nous croyons et le pouvoir durable de l&rsquo;espoir face \u00e0 l&rsquo;adversit\u00e9.<\/p>\n<h2>Le pouvoir durable de l&rsquo;histoire du capitaine Menendez<\/h2>\n<p>Les derniers vers du po\u00e8me nous laissent un sentiment d&rsquo;admiration pour l&rsquo;esprit in\u00e9branlable de Menendez et une compr\u00e9hension plus profonde du contexte historique dans lequel il a v\u00e9cu. Son histoire sert d&rsquo;inspiration, nous rappelant que m\u00eame dans les moments les plus sombres, l&rsquo;esprit humain peut perdurer et finalement triompher. C&rsquo;est un po\u00e8me qui m\u00e9rite d&rsquo;\u00eatre lu et relu, un t\u00e9moignage du pouvoir de la po\u00e9sie pour \u00e9clairer l&rsquo;histoire et c\u00e9l\u00e9brer l&rsquo;esprit humain.<\/p>\n","protected":false},"excerpt":{"rendered":"<p>L&rsquo;histoire du capitaine Francisco Menendez est un exemple remarquable de r\u00e9silience et un t\u00e9moignage de la force in\u00e9branlable de l&rsquo;esprit &#8230; <a title=\"Le capitaine Francisco Menendez\u00a0: Un po\u00e8me de libert\u00e9 et de r\u00e9silience\" class=\"read-more\" href=\"https:\/\/latrespace.com\/fr\/le-capitaine-francisco-menendez-un-poeme-de-liberte-et-de-resilience\/\" aria-label=\"Read more about Le capitaine Francisco Menendez\u00a0: Un po\u00e8me de libert\u00e9 et de r\u00e9silience\"> <\/a><\/p>\n","protected":false},"author":1,"featured_media":0,"comment_status":"closed","ping_status":"closed","sticky":false,"template":"","format":"standard","meta":{"footnotes":""},"categories":[55],"tags":[],"class_list":["post-6146","post","type-post","status-publish","format-standard","hentry","category-poemes-preferes","generate-columns","tablet-grid-50","mobile-grid-100","grid-parent","grid-25"],"lang":"fr","translations":{"fr":6146,"en":983,"de":4818,"es":4856},"_links":{"self":[{"href":"https:\/\/latrespace.com\/fr\/wp-json\/wp\/v2\/posts\/6146","targetHints":{"allow":["GET"]}}],"collection":[{"href":"https:\/\/latrespace.com\/fr\/wp-json\/wp\/v2\/posts"}],"about":[{"href":"https:\/\/latrespace.com\/fr\/wp-json\/wp\/v2\/types\/post"}],"author":[{"embeddable":true,"href":"https:\/\/latrespace.com\/fr\/wp-json\/wp\/v2\/users\/1"}],"replies":[{"embeddable":true,"href":"https:\/\/latrespace.com\/fr\/wp-json\/wp\/v2\/comments?post=6146"}],"version-history":[{"count":0,"href":"https:\/\/latrespace.com\/fr\/wp-json\/wp\/v2\/posts\/6146\/revisions"}],"wp:attachment":[{"href":"https:\/\/latrespace.com\/fr\/wp-json\/wp\/v2\/media?parent=6146"}],"wp:term":[{"taxonomy":"category","embeddable":true,"href":"https:\/\/latrespace.com\/fr\/wp-json\/wp\/v2\/categories?post=6146"},{"taxonomy":"post_tag","embeddable":true,"href":"https:\/\/latrespace.com\/fr\/wp-json\/wp\/v2\/tags?post=6146"}],"curies":[{"name":"wp","href":"https:\/\/api.w.org\/{rel}","templated":true}]}}